{"id":1271989,"date":"2026-08-31T15:26:28","date_gmt":"2026-08-31T15:26:28","guid":{"rendered":"https:\/\/www.europesays.com\/de\/1271989\/"},"modified":"2026-08-31T15:26:28","modified_gmt":"2026-08-31T15:26:28","slug":"bonn-ersatzverkehr-der-bonner-stadtwerke-sorgt-fuer-frust-bei-pendlern","status":"publish","type":"post","link":"https:\/\/www.europesays.com\/de\/1271989\/","title":{"rendered":"Bonn: Ersatzverkehr der Bonner Stadtwerke sorgt f\u00fcr Frust bei Pendlern"},"content":{"rendered":"<p>          Schienenersatzverkehr in Bonn        Ersatzverkehr der Bonner Stadtwerke sorgt f\u00fcr Frust bei Fahrg\u00e4sten<\/p>\n<p class=\"text-50 desktop:text-70 park-container-small px-6 mb-10 desktop:mb-14\">Bonn \u00b7 <strong data-cy=\"intro\" data-readtime-content=\"\">Seit die K\u00f6lner Verkehrsbetriebe (KVB) ihre Leihbahnen abgezogen haben, reicht der Stadtbahnverkehr nicht mehr bis zum Bonner Hauptbahnhof. Widerspr\u00fcchliche Anzeigen und fehlende Hinweise sorgen f\u00fcr Verwirrung bei Fahrg\u00e4sten.<\/strong><\/p>\n<p>                <img class=\"absolute inset-0 w-full h-full object-cover aspect-[16\/10] opacity-0 transition-opacity animated\" onload=\"this.style.opacity = '1';\" src=\"https:\/\/www.europesays.com\/de\/wp-content\/uploads\/2026\/08\/w2100_h1313_x1796_y1347_swb-23ee2400d02b9288.jpg\"  alt=\" Seit vergangenem Donnerstag fahren die Ersatzbusse bis nach Bad Godesberg durch. \" fetchpriority=\"high\" decoding=\"async\" data-park-image-img=\"\"\/><\/p>\n","protected":false},"excerpt":{"rendered":"Schienenersatzverkehr in Bonn Ersatzverkehr der Bonner Stadtwerke sorgt f\u00fcr Frust bei Fahrg\u00e4sten Bonn \u00b7 Seit die K\u00f6lner Verkehrsbetriebe&hellip;\n","protected":false},"author":2,"featured_media":1271990,"comment_status":"","ping_status":"","sticky":false,"template":"","format":"standard","meta":{"footnotes":"","_share_on_mastodon":"0"},"categories":[1842],"tags":[1741,3364,29,30,1209],"class_list":["post-1271989","post","type-post","status-publish","format-standard","has-post-thumbnail","category-bonn","tag-bonn","tag-de","tag-deutschland","tag-germany","tag-nordrhein-westfalen"],"share_on_mastodon":{"url":"https:\/\/pubeurope.com\/@de\/117190827370713013","error":""},"_links":{"self":[{"href":"https:\/\/www.europesays.com\/de\/wp-json\/wp\/v2\/posts\/1271989","targetHints":{"allow":["GET"]}}],"collection":[{"href":"https:\/\/www.europesays.com\/de\/wp-json\/wp\/v2\/posts"}],"about":[{"href":"https:\/\/www.europesays.com\/de\/wp-json\/wp\/v2\/types\/post"}],"author":[{"embeddable":true,"href":"https:\/\/www.europesays.com\/de\/wp-json\/wp\/v2\/users\/2"}],"replies":[{"embeddable":true,"href":"https:\/\/www.europesays.com\/de\/wp-json\/wp\/v2\/comments?post=1271989"}],"version-history":[{"count":0,"href":"https:\/\/www.europesays.com\/de\/wp-json\/wp\/v2\/posts\/1271989\/revisions"}],"wp:featuredmedia":[{"embeddable":true,"href":"https:\/\/www.europesays.com\/de\/wp-json\/wp\/v2\/media\/1271990"}],"wp:attachment":[{"href":"https:\/\/www.europesays.com\/de\/wp-json\/wp\/v2\/media?parent=1271989"}],"wp:term":[{"taxonomy":"category","embeddable":true,"href":"https:\/\/www.europesays.com\/de\/wp-json\/wp\/v2\/categories?post=1271989"},{"taxonomy":"post_tag","embeddable":true,"href":"https:\/\/www.europesays.com\/de\/wp-json\/wp\/v2\/tags?post=1271989"}],"curies":[{"name":"wp","href":"https:\/\/api.w.org\/{rel}","templated":true}]}}