{"id":1272000,"date":"2026-08-31T15:33:21","date_gmt":"2026-08-31T15:33:21","guid":{"rendered":"https:\/\/www.europesays.com\/de\/1272000\/"},"modified":"2026-08-31T15:33:21","modified_gmt":"2026-08-31T15:33:21","slug":"bpold-h-fast-6-000-besucherinnen-und-besucher-buergerfest-der-bundespolizei-in","status":"publish","type":"post","link":"https:\/\/www.europesays.com\/de\/1272000\/","title":{"rendered":"BPOLD-H: Fast 6.000 Besucherinnen und Besucher &#8211; B\u00fcrgerfest der Bundespolizei in &#8230;"},"content":{"rendered":"<p class=\"date\">31.08.2026 \u2013 17:29<\/p>\n<p class=\"customer\">\n                        <a class=\"story-customer\" title=\"weiter zum newsroom von Bundespolizeidirektion Hannover\" href=\"https:\/\/www.presseportal.de\/blaulicht\/nr\/70246\" rel=\"nofollow noopener\" target=\"_blank\">Bundespolizeidirektion Hannover<\/a>\n                    <\/p>\n<p><a class=\"glightbox-pseudo event-trigger\" href=\"https:\/\/cache.pressmailing.net\/thumbnail\/story_hires\/7243e051-4c06-4fdf-8c5f-ef6af7f83cb9\/Pr%C3%A4sidentderBundespo~rektionHannover.jpg.jpg\" data-description=\"Pr\u00e4sident der Bundespolizeidirektion Hannover, Herr Schuol\" data-category=\"medialightbox\" data-action=\"click\" data-label=\"single\" data-value=\"6a959df2270000fd2cbf43cc\" rel=\"nofollow noopener\" target=\"_blank\"><img decoding=\"async\" height=\"540\" with=\"720\" src=\"https:\/\/www.europesays.com\/de\/wp-content\/uploads\/2026\/08\/bpold-h-fast-6-000-besucherinnen-und-besucher-b-rgerfest-der-bundespolizei-in-hannover-ein-voller-er.jpeg\"   alt=\"BPOLD-H: Fast 6.000 Besucherinnen und Besucher - B\u00fcrgerfest der Bundespolizei in Hannover ein voller Erfolg!\" class=\"single\"\/><\/a><\/p>\n<p><a data-category=\"citylink-story-view\" data-action=\"click\" data-label=\"Citylink in Meldungsansicht\" class=\"story-city event-trigger\" href=\"https:\/\/www.presseportal.de\/regional\/Hannover\" title=\"News aus Hannover \" rel=\"nofollow noopener\" target=\"_blank\">Hannover<\/a> (ots)<\/p>\n<p>Anl\u00e4sslich des 75-j\u00e4hrigen Bestehens der Bundespolizei hat am vergangenen Samstag ein gro\u00dfes B\u00fcrgerfest auf dem Gel\u00e4nde der Bundespolizeidirektion Hannover stattgefunden.<br \/>\nDieses Fest gab es erstmalig! Umso erfreulicher war es, den gro\u00dfen Besucheransturm zu erleben!<\/p>\n<p>Einsatzvorf\u00fchrungen, Blaulichtmeile und moderne Technik<\/p>\n<p>Zu den H\u00f6hepunkten des Tages geh\u00f6rten die realit\u00e4tsnahen Einsatzvorf\u00fchrungen der Bundespolizei. Auch Diensthunde, Dienstpferde, Einsatzdrohnen und moderne Einsatzmittel zogen zahlreiche Besucherinnen und Besucher an.<\/p>\n<p>Gro\u00dfes Interesse galt zudem dem Bundespolizeihubschrauber vom Typ EC 135, der aus n\u00e4chster N\u00e4he besichtigt werden konnte. Einsatzkr\u00e4fte informierten \u00fcber ihre Aufgaben und standen den G\u00e4sten f\u00fcr Fragen und pers\u00f6nliche Gespr\u00e4che zur Verf\u00fcgung.<\/p>\n<p>Ein besonderer Publikumsmagnet war die Blaulichtmeile. Dort pr\u00e4sentierten neben der Bundespolizei zahlreiche Partnerorganisationen ihre Fahrzeuge, Technik und Einsatzm\u00f6glichkeiten. Mit dabei waren unter anderem die Polizei Niedersachsen, die Feuerwehr Hannover, die Bundeswehr, das Technische Hilfswerk, die Deutsche Bahn und die Justizvollzugsanstalt Hannover.<\/p>\n<p>Bundespolizei zeigte sich b\u00fcrgernah<\/p>\n<p>Das B\u00fcrgerfest bot nicht nur Einblicke in die Arbeit der Einsatzkr\u00e4fte, sondern vor allem Gelegenheit zum pers\u00f6nlichen Austausch. Viele Besucherinnen und Besucher nutzten die M\u00f6glichkeit, Fragen zu stellen, Einsatzmittel aus der N\u00e4he zu erleben und mit Polizistinnen und Polizisten sowie Angeh\u00f6rigen der beteiligten Organisationen ins Gespr\u00e4ch zu kommen.<\/p>\n<p>Auch das B\u00fchnenprogramm sorgte f\u00fcr gute Unterhaltung. Esther Filly, Delicious Divine und das GOP Variet\u00e9-Theater Hannover begeisterten das Publikum. Sportbegeisterte konnten Spitzensportlerinnen und Spitzensportler der Bundespolizei kennenlernen. Hannover 96 und die Recken waren ebenfalls mit Informations- und Mitmachangeboten vertreten.<\/p>\n<p>Familienprogramm sorgte f\u00fcr Begeisterung<\/p>\n<p>Besonders f\u00fcr die j\u00fcngsten G\u00e4ste gab es viel zu entdecken. Bastelangebote, Kinderschminken, H\u00fcpfburgen und Torschie\u00dfen mit Hannover 96 sorgten f\u00fcr Unterhaltung. Beim Sch\u00e4tzspiel konnten die Besucherinnen und Besucher zudem attraktive Preise gewinnen. Alle Gewinner werden in den kommenden Tagen Post von der Bundespolizei erhalten.<\/p>\n<p>Unser Ziel war es, ein Fest f\u00fcr die ganze Stadt und f\u00fcr Menschen jeden Alters zu veranstalten. Die Resonanz hat gezeigt, dass dieses Konzept aufgegangen ist. Die knapp 6.000 G\u00e4ste sind f\u00fcr uns eine gro\u00dfartige Best\u00e4tigung. Wir bedanken uns bei allen Besucherinnen und Besuchern sowie bei unseren Partnern und allen, die zum Gelingen dieses Tages beigetragen haben.<\/p>\n<p>Doch einen Wehrmutstropfen mussten wir den G\u00e4sten leider einschenken. Viele Besucherinnen und Besucher \u00e4u\u00dferten, dass sie n\u00e4chstes Jahr gern wiederkommen wollen&#8230; Doch 75 wird man nicht alle Jahre! Deshalb bleibt uns nur der Dank an alle, die dieses Fest mit uns gefeiert haben! Behalten Sie es in guter Erinnerung!<\/p>\n<p class=\"contact-headline\">R\u00fcckfragen bitte an:<\/p>\n<p class=\"contact-text\">Bundespolizeidirektion Hannover<br \/>M\u00f6ckernstra\u00dfe 30<br \/>30163 Hannover<br \/>Telefon: 0511 67675-4444<br \/>E-Mail: <a href=\"https:\/\/www.presseportal.de\/blaulicht\/pm\/70246\/mailto:presse.hannover@polizei.bund.de\" class=\"uri-mailto\" rel=\"nofollow noopener\" target=\"_blank\">presse.hannover@polizei.bund.de<\/a><br \/><a target=\"_blank\" class=\"uri-ext outbound\" rel=\"noopener nofollow\" href=\"https:\/\/www.bundespolizei.de\">www.bundespolizei.de<\/a><br \/>Twitter: <a target=\"_blank\" class=\"uri-ext outbound\" rel=\"noopener nofollow\" href=\"https:\/\/twitter.com\/bpol_nord\">https:\/\/twitter.com\/bpol_nord<\/a><\/p>\n<p class=\"originator\">Original-Content von: Bundespolizeidirektion Hannover, \u00fcbermittelt durch news aktuell<\/p>\n<p>                <script async src=\"https:\/\/platform.twitter.com\/widgets.js\" charset=\"utf-8\"><\/script><\/p>\n","protected":false},"excerpt":{"rendered":"31.08.2026 \u2013 17:29 Bundespolizeidirektion Hannover Hannover (ots) Anl\u00e4sslich des 75-j\u00e4hrigen Bestehens der Bundespolizei hat am vergangenen Samstag ein&hellip;\n","protected":false},"author":2,"featured_media":1272001,"comment_status":"","ping_status":"","sticky":false,"template":"","format":"standard","meta":{"footnotes":"","_share_on_mastodon":"0"},"categories":[1836],"tags":[3364,29,30,46,7309,691,177,5404,1411,121,178,180,179,181],"class_list":["post-1272000","post","type-post","status-publish","format-standard","has-post-thumbnail","category-hannover","tag-de","tag-deutschland","tag-germany","tag-hannover","tag-hb","tag-hh","tag-kriminalitt","tag-ni","tag-niedersachsen","tag-polizei","tag-presse","tag-pressemeldung","tag-pressemitteilung","tag-pressemitteilungen"],"share_on_mastodon":{"url":"https:\/\/pubeurope.com\/@de\/117190854793443575","error":""},"_links":{"self":[{"href":"https:\/\/www.europesays.com\/de\/wp-json\/wp\/v2\/posts\/1272000","targetHints":{"allow":["GET"]}}],"collection":[{"href":"https:\/\/www.europesays.com\/de\/wp-json\/wp\/v2\/posts"}],"about":[{"href":"https:\/\/www.europesays.com\/de\/wp-json\/wp\/v2\/types\/post"}],"author":[{"embeddable":true,"href":"https:\/\/www.europesays.com\/de\/wp-json\/wp\/v2\/users\/2"}],"replies":[{"embeddable":true,"href":"https:\/\/www.europesays.com\/de\/wp-json\/wp\/v2\/comments?post=1272000"}],"version-history":[{"count":0,"href":"https:\/\/www.europesays.com\/de\/wp-json\/wp\/v2\/posts\/1272000\/revisions"}],"wp:featuredmedia":[{"embeddable":true,"href":"https:\/\/www.europesays.com\/de\/wp-json\/wp\/v2\/media\/1272001"}],"wp:attachment":[{"href":"https:\/\/www.europesays.com\/de\/wp-json\/wp\/v2\/media?parent=1272000"}],"wp:term":[{"taxonomy":"category","embeddable":true,"href":"https:\/\/www.europesays.com\/de\/wp-json\/wp\/v2\/categories?post=1272000"},{"taxonomy":"post_tag","embeddable":true,"href":"https:\/\/www.europesays.com\/de\/wp-json\/wp\/v2\/tags?post=1272000"}],"curies":[{"name":"wp","href":"https:\/\/api.w.org\/{rel}","templated":true}]}}