{"id":1272002,"date":"2026-08-31T15:34:22","date_gmt":"2026-08-31T15:34:22","guid":{"rendered":"https:\/\/www.europesays.com\/de\/1272002\/"},"modified":"2026-08-31T15:34:22","modified_gmt":"2026-08-31T15:34:22","slug":"tausende-yogi-im-alaunpark-neustadt-gefluester","status":"publish","type":"post","link":"https:\/\/www.europesays.com\/de\/1272002\/","title":{"rendered":"Tausende Yogi im Alaunpark &#8211; Neustadt-Gefl\u00fcster"},"content":{"rendered":"<p>Im Alaunpark ist das Yoga-Programm des Palais Sommer f\u00fcr dieses Jahr zu Ende gegangen. Insgesamt kamen dort nach Angaben des Veranstalters 9.559 Teilnehmende zu den Angeboten. Damit konnte die Zahl gegen\u00fcber dem Vorjahr gesteigert werden.<br \/>\n<img fetchpriority=\"high\" decoding=\"async\" src=\"https:\/\/www.europesays.com\/de\/wp-content\/uploads\/2026\/08\/2026-08-14-PalaisSommer-\u00a9-Hendrik-Meyer-1099.jpg\" alt=\"Tausende Yogi im Alaunpark - Foto: PR\/Hendrik Meyer\" width=\"1992\" height=\"1121\" class=\"size-full wp-image-241220\"  \/>Tausende Yogi im Alaunpark \u2013 Foto: PR\/Hendrik Meyer<br \/>\n<img loading=\"lazy\" decoding=\"async\" src=\"https:\/\/www.europesays.com\/de\/wp-content\/uploads\/2026\/08\/2026-08-14-PalaisSommer-\u00a9-Hendrik-Meyer-0987.jpg\" alt=\"Der Veranstalter ist mit der Resonanz sehr zufrieden. Foto: PR\/Hendrik Meyer\" width=\"1992\" height=\"1121\" class=\"size-full wp-image-241221\"  \/>Der Veranstalter ist mit der Resonanz sehr zufrieden. Foto: PR\/Hendrik Meyer\n<\/p>\n<p>Mehr als 12.000 Teilnehmende in Dresden<\/p>\n<p>Das kostenfreie Yoga- und Bewegungsprogramm des Palais Sommer lief vom 21. Juni bis 26. Juli auf dem Neumarkt und vom 27. Juli bis 30. August im <a href=\"https:\/\/www.neustadt-ticker.de\/241123\/alltag\/kolumne\/wie-aus-dem-alaunplatz-der-a-park-wurde\" rel=\"nofollow noopener\" target=\"_blank\">Alaunpark<\/a>. Insgesamt nahmen 12.138 Menschen teil. Im vergangenen Jahr waren es 10.018.\n<\/p>\n<p>In der Neustadt fanden innerhalb von f\u00fcnf Wochen rund 70 Einheiten statt. Rund 40 Dresdner Trainerinnen und Trainer gestalteten das Programm. Dazu geh\u00f6rten Yoga, Pilates, Meditation und Biodanza. Die AOK Plus und Charlotte Meentzen unterst\u00fctzten das Angebot.\n<\/p>\n<p>\u201eRund 10.000 Teilnehmende allein im Alaunpark zeigen, wie gro\u00df das Interesse an offenen Gesundheitsangeboten in Dresden ist\u201c, sagt Palais-Sommer-Gesch\u00e4ftsf\u00fchrer J\u00f6rg Polenz. \u201eBesonders die Premiere unseres inklusiven Yoga hat gezeigt, wie selbstverst\u00e4ndlich Bewegung Menschen verbinden und Teilhabe erm\u00f6glichen kann.\u201c<\/p>\n<p>Premiere f\u00fcr inklusives Yoga<\/p>\n<p>Am 13. August fand erstmals das Angebot \u201eYoga Inklusiv\u201c statt. Trainer war Thomas Schwalbe von der Diakonie Dresden. Geb\u00e4rdensprachdolmetscherin Carla Vogel begleitete die Veranstaltung. Dadurch war das Angebot auch f\u00fcr geh\u00f6rlose und schwerh\u00f6rige Menschen zug\u00e4nglich.\n<\/p>\n<p>Insgesamt nahmen 140 Menschen mit und ohne Beeintr\u00e4chtigung teil.<br \/>\n<img loading=\"lazy\" decoding=\"async\" src=\"https:\/\/www.europesays.com\/de\/wp-content\/uploads\/2026\/08\/2026-08-14-PalaisSommer-\u00a9-Hendrik-Meyer-0987.jpg\" alt=\"Der Veranstalter ist mit der Resonanz sehr zufrieden. Foto: PR\/Hendrik Meyer\" width=\"1992\" height=\"1121\" class=\"size-full wp-image-241221\"  \/>Der Veranstalter ist mit der Resonanz sehr zufrieden. Foto: PR\/Hendrik Meyer\n<\/p>\n<p>Weitere Yoga-Termine nach dem Festival<\/p>\n<p>Hinter dem Palais Sommer steht der Freundeskreis Comuneo. Ihm geh\u00f6ren 37 Trainerinnen und Trainer an. Auch nach dem Festival soll mindestens einmal im Monat ein Yoga-Kurs stattfinden.\n<\/p>\n<p>Der n\u00e4chste Termin ist am 6. September um 9.30 Uhr. Trainerin Josefine Mietzsch bietet den Kurs im StarG Premium Hotel am Dresdner Altmarkt an. Weitere Termine sind f\u00fcr den 4. Oktober, 8. November und 6. Dezember geplant.<\/p>\n<ul>\n<li>Comuneo bietet zudem ganzj\u00e4hrig Wanderungen, Atelierbesuche, Exkursionen sowie Kultur-, Gesundheits- und Kreativangebote an. Informationen und Anmeldung gibt es unter <a href=\"https:\/\/www.comuneo.de\/events\" target=\"_blank\" rel=\"nofollow noopener\">www.comuneo.de\/events<\/a>.<\/li>\n<\/ul>\n","protected":false},"excerpt":{"rendered":"Im Alaunpark ist das Yoga-Programm des Palais Sommer f\u00fcr dieses Jahr zu Ende gegangen. Insgesamt kamen dort nach&hellip;\n","protected":false},"author":2,"featured_media":1272003,"comment_status":"","ping_status":"","sticky":false,"template":"","format":"standard","meta":{"footnotes":"","_share_on_mastodon":"0"},"categories":[1835],"tags":[168702,3364,29,2386,30,4229,859,28548],"class_list":["post-1272002","post","type-post","status-publish","format-standard","has-post-thumbnail","category-dresden","tag-alaunpark","tag-de","tag-deutschland","tag-dresden","tag-germany","tag-neustadt","tag-sachsen","tag-yoga"],"share_on_mastodon":{"url":"https:\/\/pubeurope.com\/@de\/117190859265285558","error":""},"_links":{"self":[{"href":"https:\/\/www.europesays.com\/de\/wp-json\/wp\/v2\/posts\/1272002","targetHints":{"allow":["GET"]}}],"collection":[{"href":"https:\/\/www.europesays.com\/de\/wp-json\/wp\/v2\/posts"}],"about":[{"href":"https:\/\/www.europesays.com\/de\/wp-json\/wp\/v2\/types\/post"}],"author":[{"embeddable":true,"href":"https:\/\/www.europesays.com\/de\/wp-json\/wp\/v2\/users\/2"}],"replies":[{"embeddable":true,"href":"https:\/\/www.europesays.com\/de\/wp-json\/wp\/v2\/comments?post=1272002"}],"version-history":[{"count":0,"href":"https:\/\/www.europesays.com\/de\/wp-json\/wp\/v2\/posts\/1272002\/revisions"}],"wp:featuredmedia":[{"embeddable":true,"href":"https:\/\/www.europesays.com\/de\/wp-json\/wp\/v2\/media\/1272003"}],"wp:attachment":[{"href":"https:\/\/www.europesays.com\/de\/wp-json\/wp\/v2\/media?parent=1272002"}],"wp:term":[{"taxonomy":"category","embeddable":true,"href":"https:\/\/www.europesays.com\/de\/wp-json\/wp\/v2\/categories?post=1272002"},{"taxonomy":"post_tag","embeddable":true,"href":"https:\/\/www.europesays.com\/de\/wp-json\/wp\/v2\/tags?post=1272002"}],"curies":[{"name":"wp","href":"https:\/\/api.w.org\/{rel}","templated":true}]}}