{"id":1272004,"date":"2026-08-31T15:36:22","date_gmt":"2026-08-31T15:36:22","guid":{"rendered":"https:\/\/www.europesays.com\/de\/1272004\/"},"modified":"2026-08-31T15:36:22","modified_gmt":"2026-08-31T15:36:22","slug":"polizei-dresden-rueckt-am-faehrgarten-johannstadt-an-was-suchen-sie-da-in-der-elbe","status":"publish","type":"post","link":"https:\/\/www.europesays.com\/de\/1272004\/","title":{"rendered":"Polizei Dresden r\u00fcckt am F\u00e4hrgarten Johannstadt an: Was suchen sie da in der Elbe?"},"content":{"rendered":"<p>Dresden &#8211;<strong> Was ist denn am F\u00e4hrgarten Johannstadt los? Am Montagnachmittag wurden dort mehrere Polizeifahrzeuge gesichtet. <\/strong><\/p>\n<p>            <img loading=\"lazy\" decoding=\"async\" class=\"article__img\" alt=\"Am F\u00e4hrgarten Johannstadt war die Polizei am Montagnachmittag im Einsatz.\" width=\"951\" height=\"634\" src=\"https:\/\/www.europesays.com\/de\/wp-content\/uploads\/2026\/08\/8b7gczh9bcrwu7gs15vo11ln1p6im1mg.jpg\"  \/><\/p>\n<p>            Am F\u00e4hrgarten Johannstadt war die Polizei am Montagnachmittag im Einsatz.\u00a0\u00a0\u00a9\u00a0TAG24<\/p>\n<p>Wie die Polizeidirektion <a rel=\"nofollow noopener\" class=\"intern-link\" href=\"https:\/\/www.tag24.de\/dresden\/crime\" data-vars-href=\"https:\/\/www.tag24.de\/dresden\/crime\" data-vars-identifier=\"1788185962543\" data-vars-origin-id=\"1218\" data-vars- target=\"_blank\">Dresden<\/a> gegen\u00fcber TAG24 erkl\u00e4rte, soll in der Elbe ein abgeflexter Zigarettenautomat liegen.<\/p>\n<p>Die entsprechende Meldung sei bereits um 12.10 Uhr eingegangen. Die Wasserschutzpolizei habe inzwischen die Ermittlungen \u00fcbernommen.<\/p>\n<p>Im Gespr\u00e4ch mit TAG24 erkl\u00e4rte ein Sprecher der Wasserschutzpolizei, dass der Zigarettenautomat in der N\u00e4he entwendet wurde. <\/p>\n<p>                             <a data-aid=\"3528013\" data-atype=\"news\" data-aplacement=\"inread-article\" data-aplacementid=\"3528700\" href=\"https:\/\/www.tag24.de\/dresden\/crime\/eskalation-in-der-dresdner-auslaenderbehoerde-palaestinenser-droht-mit-messer-3528013\" rel=\"nofollow noopener\" target=\"_blank\"><img loading=\"lazy\" decoding=\"async\" width=\"85\" height=\"57\" alt=\"Dresden: Eskalation vor Dresdner Ausl\u00e4nderbeh\u00f6rde: Mann will Schreiben anz\u00fcnden, dann st\u00fcrmt er mit Messer ins Geb\u00e4ude\" src=\"https:\/\/www.europesays.com\/de\/wp-content\/uploads\/2026\/08\/ezl3a2a52fpzcvrcyebxcpgajq9oclpy.jpg\"\/><\/a><\/p>\n<p>            Dresden Crime<br \/>\n                            <a class=\"inread-article__headline\" data-aid=\"3528013\" data-atype=\"news\" data-aplacement=\"inread-article\" data-aplacementid=\"3528700\" href=\"https:\/\/www.tag24.de\/dresden\/crime\/eskalation-in-der-dresdner-auslaenderbehoerde-palaestinenser-droht-mit-messer-3528013\" rel=\"nofollow noopener\" target=\"_blank\">Eskalation vor Dresdner Ausl\u00e4nderbeh\u00f6rde: Mann will Schreiben anz\u00fcnden, dann st\u00fcrmt er mit Messer ins Geb\u00e4ude<\/a><\/p>\n<p>Die Tatzeit sei circa zwischen 1 Uhr und 6.30 Uhr morgens gewesen.<\/p>\n<p><strong>Der oder die T\u00e4ter h\u00e4tten die Zigaretten und das Bargeld zuvor entwendet, so der Sprecher. Man gehe derzeit von einem Schaden in H\u00f6he von etwa 7500 Euro aus. Am Montagnachmittag suchten Kr\u00e4fte der Wasserschutzpolizei noch nach Teilen des Automaten in der Elbe. <\/strong><\/p>\n","protected":false},"excerpt":{"rendered":"Dresden &#8211; Was ist denn am F\u00e4hrgarten Johannstadt los? Am Montagnachmittag wurden dort mehrere Polizeifahrzeuge gesichtet. Am F\u00e4hrgarten&hellip;\n","protected":false},"author":2,"featured_media":1272005,"comment_status":"","ping_status":"","sticky":false,"template":"","format":"standard","meta":{"footnotes":"","_share_on_mastodon":"0"},"categories":[1835],"tags":[3364,29,2386,30,859],"class_list":["post-1272004","post","type-post","status-publish","format-standard","has-post-thumbnail","category-dresden","tag-de","tag-deutschland","tag-dresden","tag-germany","tag-sachsen"],"share_on_mastodon":{"url":"","error":""},"_links":{"self":[{"href":"https:\/\/www.europesays.com\/de\/wp-json\/wp\/v2\/posts\/1272004","targetHints":{"allow":["GET"]}}],"collection":[{"href":"https:\/\/www.europesays.com\/de\/wp-json\/wp\/v2\/posts"}],"about":[{"href":"https:\/\/www.europesays.com\/de\/wp-json\/wp\/v2\/types\/post"}],"author":[{"embeddable":true,"href":"https:\/\/www.europesays.com\/de\/wp-json\/wp\/v2\/users\/2"}],"replies":[{"embeddable":true,"href":"https:\/\/www.europesays.com\/de\/wp-json\/wp\/v2\/comments?post=1272004"}],"version-history":[{"count":0,"href":"https:\/\/www.europesays.com\/de\/wp-json\/wp\/v2\/posts\/1272004\/revisions"}],"wp:featuredmedia":[{"embeddable":true,"href":"https:\/\/www.europesays.com\/de\/wp-json\/wp\/v2\/media\/1272005"}],"wp:attachment":[{"href":"https:\/\/www.europesays.com\/de\/wp-json\/wp\/v2\/media?parent=1272004"}],"wp:term":[{"taxonomy":"category","embeddable":true,"href":"https:\/\/www.europesays.com\/de\/wp-json\/wp\/v2\/categories?post=1272004"},{"taxonomy":"post_tag","embeddable":true,"href":"https:\/\/www.europesays.com\/de\/wp-json\/wp\/v2\/tags?post=1272004"}],"curies":[{"name":"wp","href":"https:\/\/api.w.org\/{rel}","templated":true}]}}