{"id":1272010,"date":"2026-08-31T15:39:25","date_gmt":"2026-08-31T15:39:25","guid":{"rendered":"https:\/\/www.europesays.com\/de\/1272010\/"},"modified":"2026-08-31T15:39:25","modified_gmt":"2026-08-31T15:39:25","slug":"spaziergaenger-findet-person-mit-schweren-kopfverletzungen-mordkommission-ermittelt","status":"publish","type":"post","link":"https:\/\/www.europesays.com\/de\/1272010\/","title":{"rendered":"Spazierg\u00e4nger findet Person mit schweren Kopfverletzungen: Mordkommission ermittelt"},"content":{"rendered":"<p class=\"rich-text expressive-copy-lg-body my-6\">Gro\u00dfeinsatz an der Breddestra\u00dfe in Hattingen-Niederwenigern: EIn Spazierg\u00e4nger hat dort am Montagnachmittag (31.8.) eine Person in einem Vorgarten gefunden. Eine Sprecherin der Polizei Hagen sagte, diese sei schwer verletzt. Eine Mordkommission ermittelt nun.<\/p>\n<p>Hattingen-Newsletter: Jetzt kostenlos anmelden!<\/p>\n<p>Nachrichten, Service, Reportagen: Jeden Tag wissen, was in unserer Stadt los ist.<\/p>\n<p><img decoding=\"async\" src=\"https:\/\/www.europesays.com\/de\/wp-content\/uploads\/2026\/08\/1788190045_622_newsletter-envelope.png\" alt=\"Newsletter Illustration\" class=\"h-full w-full max-w-full object-cover md:max-w-[226px] lg:max-w-[234px]\" loading=\"lazy\"\/>Hattingen-Newsletter: Jetzt kostenlos anmelden!<\/p>\n<p>Nachrichten, Service, Reportagen: Jeden Tag wissen, was in unserer Stadt los ist.<\/p>\n<p>Mit meiner Anmeldung zum Newsletter stimme ich der <a href=\"https:\/\/www.waz.de\/service\/newsletter-adconsent\" class=\"text-copy-accent underline decoration-solid underline-offset-1 hover:text-primary-700\" rel=\"nofollow noopener\" target=\"_blank\">Werbevereinbarung<\/a> zu.<\/p>\n<p class=\"rich-text expressive-copy-lg-body my-6\">F\u00fcnf Streifenwagen, Kr\u00e4fte der Feuerwehr, des Rettungsdienstes und der Rettungshubschrauber Christoph 8 sind vor Ort. Letzterer fliegt die verletzte Person ins Bergmannsheil Bochum aus.<\/p>\n<p><img decoding=\"async\" src=\"https:\/\/www.europesays.com\/de\/wp-content\/uploads\/2026\/08\/413021001_1788189406_v16_9_1200.jpeg\" class=\"relative z-10 block w-full object-cover aspect-[16\/9] md:aspect-[16\/9] lg:aspect-[16\/9]\" alt=\"Einsatz Niederwenigern\" title=\"Der Rettungshubschrauber Christoph 8 fliegt die schwer verletzte Person ins Bergmannsheil Bochum aus.\" loading=\"lazy\"\/><\/p>\n<p>Der Rettungshubschrauber Christoph 8 fliegt die schwer verletzte Person ins Bergmannsheil Bochum aus.\u00a9 Fernandez \/ News 4 Video-Lime TV | Fernandez \/ News 4 Video-Lime TV<\/p>\n<p class=\"rich-text expressive-copy-lg-body my-6\">Der Einsatz hat um 15.30 Uhr begonnen: Ein Spazierg\u00e4nger sah die schwer verletzte Person im Vorgarten. Sie hatte ein Ger\u00e4t im Kopf, das einer Axt \u00e4hnelte und blutete stark. Das teilte der Einsatzleiter der Polizei vor Ort der WAZ mit.  <\/p>\n<p class=\"rich-text expressive-copy-lg-body my-6\">Es gibt bislang keine konkreten Hinweise auf den Tatverlauf. \u201eDie Hintergr\u00fcnde sind v\u00f6llig unklar\u201c, so der Einsatzleiter. Auch der Sprecher der Polizei des EN-Kreises, Christoph Neuhaus, sagte: \u201eWir stehen ganz am Anfang unserer Ermittlungen.\u201c Die Kriminalpolizei hat die Ermittlungen aufgenommen. Eine Mordkommission wurde eingesetzt.<\/p>\n<p class=\"rich-text expressive-copy-lg-body my-6\">Wir aktualisieren fortlaufend.<\/p>\n","protected":false},"excerpt":{"rendered":"Gro\u00dfeinsatz an der Breddestra\u00dfe in Hattingen-Niederwenigern: EIn Spazierg\u00e4nger hat dort am Montagnachmittag (31.8.) eine Person in einem Vorgarten&hellip;\n","protected":false},"author":2,"featured_media":1272011,"comment_status":"","ping_status":"","sticky":false,"template":"","format":"standard","meta":{"footnotes":"","_share_on_mastodon":"0"},"categories":[1834],"tags":[3364,29,3688,30,1209],"class_list":["post-1272010","post","type-post","status-publish","format-standard","has-post-thumbnail","category-essen","tag-de","tag-deutschland","tag-essen","tag-germany","tag-nordrhein-westfalen"],"share_on_mastodon":{"url":"https:\/\/pubeurope.com\/@de\/117190879831932868","error":""},"_links":{"self":[{"href":"https:\/\/www.europesays.com\/de\/wp-json\/wp\/v2\/posts\/1272010","targetHints":{"allow":["GET"]}}],"collection":[{"href":"https:\/\/www.europesays.com\/de\/wp-json\/wp\/v2\/posts"}],"about":[{"href":"https:\/\/www.europesays.com\/de\/wp-json\/wp\/v2\/types\/post"}],"author":[{"embeddable":true,"href":"https:\/\/www.europesays.com\/de\/wp-json\/wp\/v2\/users\/2"}],"replies":[{"embeddable":true,"href":"https:\/\/www.europesays.com\/de\/wp-json\/wp\/v2\/comments?post=1272010"}],"version-history":[{"count":0,"href":"https:\/\/www.europesays.com\/de\/wp-json\/wp\/v2\/posts\/1272010\/revisions"}],"wp:featuredmedia":[{"embeddable":true,"href":"https:\/\/www.europesays.com\/de\/wp-json\/wp\/v2\/media\/1272011"}],"wp:attachment":[{"href":"https:\/\/www.europesays.com\/de\/wp-json\/wp\/v2\/media?parent=1272010"}],"wp:term":[{"taxonomy":"category","embeddable":true,"href":"https:\/\/www.europesays.com\/de\/wp-json\/wp\/v2\/categories?post=1272010"},{"taxonomy":"post_tag","embeddable":true,"href":"https:\/\/www.europesays.com\/de\/wp-json\/wp\/v2\/tags?post=1272010"}],"curies":[{"name":"wp","href":"https:\/\/api.w.org\/{rel}","templated":true}]}}