{"id":1272014,"date":"2026-08-31T15:42:17","date_gmt":"2026-08-31T15:42:17","guid":{"rendered":"https:\/\/www.europesays.com\/de\/1272014\/"},"modified":"2026-08-31T15:42:17","modified_gmt":"2026-08-31T15:42:17","slug":"pol-do-erstmeldung-schwerer-verkehrsunfall-mit-zwei-schwerverletzten-auf-der-owiiia","status":"publish","type":"post","link":"https:\/\/www.europesays.com\/de\/1272014\/","title":{"rendered":"POL-DO: Erstmeldung: Schwerer Verkehrsunfall mit zwei Schwerverletzten auf der OWIIIa &#8230;"},"content":{"rendered":"<p class=\"date\">31.08.2026 \u2013 17:24<\/p>\n<p class=\"customer\">\n                        <a class=\"story-customer\" title=\"weiter zum newsroom von Polizei Dortmund\" href=\"https:\/\/www.presseportal.de\/blaulicht\/nr\/4971\" rel=\"nofollow noopener\" target=\"_blank\">Polizei Dortmund<\/a>\n                    <\/p>\n<p><a data-category=\"citylink-story-view\" data-action=\"click\" data-label=\"Citylink in Meldungsansicht\" class=\"story-city event-trigger\" href=\"https:\/\/www.presseportal.de\/regional\/Dortmund\" title=\"News aus Dortmund \" rel=\"nofollow noopener\" target=\"_blank\">Dortmund<\/a> (ots)<\/p>\n<p>Lfd. Nr.: 0728<\/p>\n<p>Nach einem Unfall auf der OWIIIa in Fahrtrichtung B\u00e4renbruch kurz nach der A45 in Kirchlinde ist die Richtungsfahrbahn aktuell voll gesperrt. Die Polizei Dortmund trifft aktuell vor Ort umfangreiche Verkehrsma\u00dfnahmen, auch im \u00d6PNV k\u00f6nnte es dort zu Einschr\u00e4nkungen kommen. Bitte umfahren Sie den Bereich daher weitr\u00e4umig!<\/p>\n<p>Nach ersten Erkenntnissen sind aus bisher ungekl\u00e4rter Ursache zwei Fahrzeuge verunfallt. Zwei Personen sind nach jetzigem Stand bei dem Unfall schwer verletzt worden.<\/p>\n<p class=\"contact-headline\">Journalisten wenden sich mit R\u00fcckfragen bitte an:<\/p>\n<p class=\"contact-text\">Polizei Dortmund<br \/>Felix Gro\u00df<br \/>Telefon: 0231\/132-1034<br \/>E-Mail: <a href=\"https:\/\/www.presseportal.de\/blaulicht\/pm\/4971\/mailto:poea.dortmund@polizei.nrw.de\" class=\"uri-mailto\" rel=\"nofollow noopener\" target=\"_blank\">poea.dortmund@polizei.nrw.de<\/a><br \/><a target=\"_blank\" class=\"uri-ext outbound\" rel=\"noopener nofollow\" href=\"https:\/\/dortmund.polizei.nrw\/\">https:\/\/dortmund.polizei.nrw\/<\/a><\/p>\n<p class=\"originator\">Original-Content von: Polizei Dortmund, \u00fcbermittelt durch news aktuell<\/p>\n","protected":false},"excerpt":{"rendered":"31.08.2026 \u2013 17:24 Polizei Dortmund Dortmund (ots) Lfd. Nr.: 0728 Nach einem Unfall auf der OWIIIa in Fahrtrichtung&hellip;\n","protected":false},"author":2,"featured_media":1266941,"comment_status":"","ping_status":"","sticky":false,"template":"","format":"standard","meta":{"footnotes":"","_share_on_mastodon":"0"},"categories":[1833],"tags":[3364,29,217,30,177,1209,176,121,178,180,179,181],"class_list":["post-1272014","post","type-post","status-publish","format-standard","has-post-thumbnail","category-dortmund","tag-de","tag-deutschland","tag-dortmund","tag-germany","tag-kriminalitt","tag-nordrhein-westfalen","tag-nrw","tag-polizei","tag-presse","tag-pressemeldung","tag-pressemitteilung","tag-pressemitteilungen"],"share_on_mastodon":{"url":"https:\/\/pubeurope.com\/@de\/117190888531865311","error":""},"_links":{"self":[{"href":"https:\/\/www.europesays.com\/de\/wp-json\/wp\/v2\/posts\/1272014","targetHints":{"allow":["GET"]}}],"collection":[{"href":"https:\/\/www.europesays.com\/de\/wp-json\/wp\/v2\/posts"}],"about":[{"href":"https:\/\/www.europesays.com\/de\/wp-json\/wp\/v2\/types\/post"}],"author":[{"embeddable":true,"href":"https:\/\/www.europesays.com\/de\/wp-json\/wp\/v2\/users\/2"}],"replies":[{"embeddable":true,"href":"https:\/\/www.europesays.com\/de\/wp-json\/wp\/v2\/comments?post=1272014"}],"version-history":[{"count":0,"href":"https:\/\/www.europesays.com\/de\/wp-json\/wp\/v2\/posts\/1272014\/revisions"}],"wp:featuredmedia":[{"embeddable":true,"href":"https:\/\/www.europesays.com\/de\/wp-json\/wp\/v2\/media\/1266941"}],"wp:attachment":[{"href":"https:\/\/www.europesays.com\/de\/wp-json\/wp\/v2\/media?parent=1272014"}],"wp:term":[{"taxonomy":"category","embeddable":true,"href":"https:\/\/www.europesays.com\/de\/wp-json\/wp\/v2\/categories?post=1272014"},{"taxonomy":"post_tag","embeddable":true,"href":"https:\/\/www.europesays.com\/de\/wp-json\/wp\/v2\/tags?post=1272014"}],"curies":[{"name":"wp","href":"https:\/\/api.w.org\/{rel}","templated":true}]}}