{"id":1272017,"date":"2026-08-31T15:44:21","date_gmt":"2026-08-31T15:44:21","guid":{"rendered":"https:\/\/www.europesays.com\/de\/1272017\/"},"modified":"2026-08-31T15:44:21","modified_gmt":"2026-08-31T15:44:21","slug":"in-leipzig-startet-neuer-bildungscampus-fuer-rund-2-000-kinder","status":"publish","type":"post","link":"https:\/\/www.europesays.com\/de\/1272017\/","title":{"rendered":"In Leipzig startet neuer Bildungscampus f\u00fcr rund 2.000 Kinder"},"content":{"rendered":"<p>        <img decoding=\"async\" src=\"https:\/\/www.europesays.com\/de\/wp-content\/uploads\/2026\/08\/bildungscampus-lene-voigt-park-100.webp\" alt=\"Ein Klassenzimmer von innen\" title=\"Ein Klassenzimmer von innen | MDR SACHSENSPIEGEL\" class=\"responsive\"\/><\/p>\n<p>AUDIO: Neuer Bildungscampus am Lene-Voigt-Park eingeweiht (1 Min)<\/p>\n<p class=\"topline\">Kita, Grundschule &amp; Co.<\/p>\n<p class=\"author\">von MDR SACHSEN<\/p>\n<p>\n                Stand: 31.08.2026 17:36 Uhr<\/p>\n<p>        <img decoding=\"async\" src=\"https:\/\/www.europesays.com\/de\/wp-content\/uploads\/2026\/08\/1787969123_972_google-handy-100.webp\" alt=\"Ein Handy liegt auf einer Laptoptastatur. Das Display zeigt das Google Logo\" title=\"Ein Handy liegt auf einer Laptoptastatur. Das Display zeigt das Google Logo |  IMAGO \/ SOPA Images\" class=\"responsive\" loading=\"lazy\"\/><\/p>\n<p>Nachrichten personalisieren<\/p>\n<p class=\"\">In Leipzig ist am Montag nach mehr als drei Jahren Bauzeit der Bildungscampus am Lene-Voigt-Park feierlich eingeweiht worden. Oberb\u00fcrgermeister Burkhard Jung sagte, der neue Campus sei nicht nur ein Meilenstein f\u00fcr die Leipziger Bildungslandschaft, sondern auch ein enormer Zugewinn f\u00fcr das gesamte Viertel.<\/p>\n<p class=\"\">So w\u00fcrden Kinder in verschiedenen Schulformen gemeinschaftlich nebeneinander lernen, eine wettkampftaugliche Sporthalle verbessere die Trainingsm\u00f6glichkeiten f\u00fcr den Vereinssport im Quartier und das Au\u00dfengel\u00e4nde stehe allen Leipzigerinnen und Leipzigern offen. &#8222;Das ist beispielgebend f\u00fcr ein gelebtes Miteinander, wie ich es mir f\u00fcr noch viele weitere Orte in unserer Stadt w\u00fcnsche,\u201c sagte das Stadtoberhaupt.<\/p>\n<blockquote><p>\n        Das ist beispielgebend f\u00fcr ein gelebtes Miteinander, wie ich es mir f\u00fcr noch viele weitere Orte in unserer Stadt w\u00fcnsche.<\/p>\n<p>                Burkhard Jung | Oberb\u00fcrgermeister der Stadt Leipzig<\/p>\n<\/blockquote>\n<p>                    Der neue Bildungscampus am Lene-Voigt-Park<\/p>\n<p>Der Bildungscampus umfasst neben der Wilhelm-Busch-Grundschule auch die Schule Schraderhaus (Gymnasium) mit ihrem neuen Standort am T\u00e4ubchenweg 26, die 125. Oberschule und die integrative Kita mit sportlichem Profil in der Reichpietschstra\u00dfe 16. <\/p>\n<p>Teil des Campus ist au\u00dferdem die Sporthalle mit insgesamt sechs Spielfeldern auf zwei Etagen. Die Halle verf\u00fcgt \u00fcber eine mobile Trib\u00fcne f\u00fcr 199 Zuschauer sowie Spiel- und Sportfreifl\u00e4chen im Lene-Voigt-Park. Sie steht auch dem Vereinssport zur Verf\u00fcgung. Der Lene-Voigt-Park befindet sich in Leipzig-Reudnitz, auf dem Gel\u00e4nde des ehemaligen Eilenburger Bahnhofs. <\/p>\n<p>    Drei Jahre Bauzeit und 120 Millionen Euro<\/p>\n<p class=\"\">Wo einst G\u00fcterz\u00fcge rangierten, ist nun ein Schulcampus mit einer f\u00fcnfz\u00fcgigen Grundschule und Sporthallenkomplex entstanden. Zum Campus geh\u00f6ren au\u00dferdem ein Gymnasium, eine Oberschule sowie eine integrative Kita. Nach den Herbstferien soll zudem die Sechsfeld-Sporthalle und Anfang n\u00e4chsten Jahres eine Mensa in der historischen Schalterhalle des ehemaligen Eilenburger Bahnhofs in Betrieb gehen.<\/p>\n<p class=\"\">Mit allen Schularten und zusammen mit der integrativen Kita ist der Campus ab sofort Heimat f\u00fcr knapp 2.000 Kinder. Die Gesamtkosten f\u00fcr den Bau inklusive Kita, Grundschule, Sporthalle mit Au\u00dfenbereichen und Gymnasium belaufen sich auf rund 120 Millionen Euro. Der Bau der Grundschule samt Sporthalle wurde mit 14,4 Millionen Euro vom Freistaat Sachsen gef\u00f6rdert.<\/p>\n<p>Mehr zu Schulthemen<\/p>\n<p>        <img decoding=\"async\" src=\"https:\/\/www.europesays.com\/de\/wp-content\/uploads\/2026\/06\/grundschule-grosszschocher-116.webp\" alt=\"Blick auf ein rotes Schulgeb\u00e4ude mit schr\u00e4gem Dach. Oben rechts ist eine Uhr zu sehen, davor ein Schulhof.\" title=\"Blick auf ein rotes Schulgeb\u00e4ude mit schr\u00e4gem Dach. Oben rechts ist eine Uhr zu sehen, davor ein Schulhof. | WOLTERECK FITZNER Architekten BDA\" class=\"responsive\" loading=\"lazy\"\/><\/p>\n<p>        <img decoding=\"async\" src=\"https:\/\/www.europesays.com\/de\/wp-content\/uploads\/2026\/08\/handwerkergymnasium-112.webp\" alt=\"Kfz-Meisterin Anna-Lena Andre\u00df\" title=\"Kfz-Meisterin Anna-Lena Andre\u00df | MDR\/Falk Fleischer\" class=\"responsive\" loading=\"lazy\"\/><\/p>\n<p>        <img decoding=\"async\" src=\"https:\/\/www.europesays.com\/de\/wp-content\/uploads\/2026\/08\/schleife-oberschule-lehrermangel-108.webp\" alt=\"Jan Rehor, Schulleiter der Oberschule Schleife vor dem Vertretungsplan\" title=\"Noch bereitet dem Schulleiter der Oberschule Schleife, Jan Rehor, der Blick auf den digitalen Vertretungsplan keine gro\u00dfen Sorgen. Das \u00e4ndert sich bald. | Diana Wild\" class=\"responsive\" loading=\"lazy\"\/><\/p>\n<p>Kein Lehrer, kein Unterricht?<\/p>\n<p class=\"\">MDR (bbr)<\/p>\n","protected":false},"excerpt":{"rendered":"AUDIO: Neuer Bildungscampus am Lene-Voigt-Park eingeweiht (1 Min) Kita, Grundschule &amp; Co. von MDR SACHSEN Stand: 31.08.2026 17:36&hellip;\n","protected":false},"author":2,"featured_media":1272018,"comment_status":"","ping_status":"","sticky":false,"template":"","format":"standard","meta":{"footnotes":"","_share_on_mastodon":"0"},"categories":[1832],"tags":[33266,3364,29,30,1691,2818,71,14,19186,859,966,41539],"class_list":["post-1272017","post","type-post","status-publish","format-standard","has-post-thumbnail","category-leipzig","tag-bildungscampus","tag-de","tag-deutschland","tag-germany","tag-gymnasium","tag-kindergarten","tag-leipzig","tag-nachrichten","tag-oberschule","tag-sachsen","tag-schule","tag-schulstandort"],"share_on_mastodon":{"url":"https:\/\/pubeurope.com\/@de\/117190899112684128","error":""},"_links":{"self":[{"href":"https:\/\/www.europesays.com\/de\/wp-json\/wp\/v2\/posts\/1272017","targetHints":{"allow":["GET"]}}],"collection":[{"href":"https:\/\/www.europesays.com\/de\/wp-json\/wp\/v2\/posts"}],"about":[{"href":"https:\/\/www.europesays.com\/de\/wp-json\/wp\/v2\/types\/post"}],"author":[{"embeddable":true,"href":"https:\/\/www.europesays.com\/de\/wp-json\/wp\/v2\/users\/2"}],"replies":[{"embeddable":true,"href":"https:\/\/www.europesays.com\/de\/wp-json\/wp\/v2\/comments?post=1272017"}],"version-history":[{"count":0,"href":"https:\/\/www.europesays.com\/de\/wp-json\/wp\/v2\/posts\/1272017\/revisions"}],"wp:featuredmedia":[{"embeddable":true,"href":"https:\/\/www.europesays.com\/de\/wp-json\/wp\/v2\/media\/1272018"}],"wp:attachment":[{"href":"https:\/\/www.europesays.com\/de\/wp-json\/wp\/v2\/media?parent=1272017"}],"wp:term":[{"taxonomy":"category","embeddable":true,"href":"https:\/\/www.europesays.com\/de\/wp-json\/wp\/v2\/categories?post=1272017"},{"taxonomy":"post_tag","embeddable":true,"href":"https:\/\/www.europesays.com\/de\/wp-json\/wp\/v2\/tags?post=1272017"}],"curies":[{"name":"wp","href":"https:\/\/api.w.org\/{rel}","templated":true}]}}