{"id":1272030,"date":"2026-08-31T15:54:18","date_gmt":"2026-08-31T15:54:18","guid":{"rendered":"https:\/\/www.europesays.com\/de\/1272030\/"},"modified":"2026-08-31T15:54:18","modified_gmt":"2026-08-31T15:54:18","slug":"dwd-warnung-frankfurt-starkes-gewitter-bringt-sturmboeen-und-starkregen","status":"publish","type":"post","link":"https:\/\/www.europesays.com\/de\/1272030\/","title":{"rendered":"DWD-Warnung Frankfurt: Starkes Gewitter bringt Sturmb\u00f6en und Starkregen"},"content":{"rendered":"<p>Amtliche Warnung <\/p>\n<p>DWD warnt vor starkem Gewitter in Frankfurt<\/p>\n<p>31.08.2026 &#8211; 17:48 UhrLesedauer: 1 Min.<\/p>\n<p><a href=\"#focus-0\" class=\"transition-colors block text-current relative\" data-sctrack=\"FocusGalleryImage.Reference\"><img fetchpriority=\"high\" data-testid=\"Opener.Image\"   loading=\"eager\" src=\"https:\/\/www.europesays.com\/de\/wp-content\/uploads\/2026\/08\/1788191657_123_blitz-ueber-frankfurt-ein-blitz-schlaegt-vom-grossen-feldberg-im-taunus-aus-gesehen-im-rhein-main-ge.jpeg\" alt=\"imago images 161878326\" title=\"imago images 161878326\" width=\"3372\" height=\"1897\" class=\"bg-[url:var(--lqipURL)] bg-cover bg-center flex h-full w-full max-w-full\" style=\"--lqipURL:url('https:\/\/images.t-online.de\/2026\/06\/uiY0zZAhD5Wy\/0x63:3372x1897\/fit-in\/150x0\/filters:blur(25)\/blitz-ueber-frankfurt-ein-blitz-schlaegt-vom-grossen-feldberg-im-taunus-aus-gesehen-im-rhein-main-gebiet-ueber-der-frankfurter-skyline-ein-schmitten-hessen-deutschland-lightning-over-frankfurt-a-lightning-strikes-from-the-grosser-feldberg-in-taunus-seen-in-the-rhine-main-area-over-the-frankfurt-skyline-schmitten-hesse-germany.jpg')\" decoding=\"async\"\/><img loading=\"lazy\" src=\"https:\/\/frankfurt.t-online.de\/s\/paper\/_next\/static\/media\/zoom-in.f7dae02f.svg\" alt=\"Vergr\u00f6\u00dfern des Bildes\" title=\"Vergr\u00f6\u00dfern des Bildes\" class=\"block h-[calc(var(--height)_\/_16_*_1rem)] w-[calc(var(--width)_\/_16_*_1rem)] max-w-none absolute right-8 bottom-8 rounded-4 bg-snow p-8\" style=\"--width:32;--height:32\" decoding=\"async\"\/><\/a><\/p>\n<p>Blitz \u00fcber Frankfurt (Archivbild): Der DWD hat eine amtliche Warnung herausgegeben. (Quelle: IMAGO\/Jan Eifert\/imago)<\/p>\n<p><img loading=\"lazy\" src=\"https:\/\/frankfurt.t-online.de\/s\/paper\/_next\/static\/media\/audio-volume.6689034c.svg\" alt=\"\" title=\"\" class=\"block h-[calc(var(--height)_\/_16_*_1rem)] w-[calc(var(--width)_\/_16_*_1rem)] max-w-none group-hover:brightness-0 group-hover:invert\" style=\"--width:16;--height:16\" decoding=\"async\"\/>Vorlesen<\/p>\n<p>Aktuelle Zeit:0:00Gesamtdauer:0:00<\/p>\n<p>1x<img loading=\"lazy\" src=\"https:\/\/frankfurt.t-online.de\/s\/paper\/_next\/static\/media\/font-sizes.32942e33.svg\" alt=\"\" title=\"\" class=\"block h-[calc(var(--height)_\/_16_*_1rem)] w-[calc(var(--width)_\/_16_*_1rem)] max-w-none group-hover:hidden group-aria-expanded:hidden\" style=\"--width:16;--height:16\" decoding=\"async\"\/><img loading=\"lazy\" src=\"https:\/\/frankfurt.t-online.de\/s\/paper\/_next\/static\/media\/font-sizes-dark-mode.e382645c.svg\" alt=\"\" title=\"\" class=\"block h-[calc(var(--height)_\/_16_*_1rem)] w-[calc(var(--width)_\/_16_*_1rem)] max-w-none hidden group-hover:block group-aria-expanded:block\" style=\"--width:16;--height:16\" decoding=\"async\"\/><img loading=\"lazy\" src=\"https:\/\/frankfurt.t-online.de\/s\/paper\/_next\/static\/media\/sharing-menu-icon.1eb71368.svg\" alt=\"\" title=\"\" class=\"block h-[calc(var(--height)_\/_16_*_1rem)] w-[calc(var(--width)_\/_16_*_1rem)] max-w-none group-hover:brightness-0 group-hover:invert\" style=\"--width:16;--height:16\" decoding=\"async\"\/>Artikel teilen<\/p>\n<p class=\"font-bold text-18 leading-17 user-text-lg:text-22 user-text-xl:text-24\">Der Deutsche Wetterdienst hat eine Gewitterwarnung f\u00fcr Frankfurt herausgegeben. Es sind Starkregen und Sturmb\u00f6en m\u00f6glich.<\/p>\n<p class=\"text-18 leading-17 user-text-lg:text-22 user-text-xl:text-24\">Der Deutsche Wetterdienst (DWD) hat am Montagabend (31. August) eine amtliche Warnung vor starkem Gewitter f\u00fcr Frankfurt herausgegeben. Sie gilt von 17.42 Uhr bis 19 Uhr.<\/p>\n<p class=\"text-18 leading-17 user-text-lg:text-22 user-text-xl:text-24\">Nach Angaben des Wetterdienstes k\u00f6nnen Sturmb\u00f6en mit Geschwindigkeiten zwischen 55 und 70 km\/h auftreten. Dazu ist Starkregen mit Niederschlagsmengen von bis zu 15 Litern pro Quadratmeter innerhalb einer Stunde m\u00f6glich.<\/p>\n<p>Windwarnung gilt bis 20 Uhr<\/p>\n<p class=\"text-18 leading-17 user-text-lg:text-22 user-text-xl:text-24\">Zus\u00e4tzlich gilt f\u00fcr Frankfurt weiterhin eine amtliche Warnung vor Windb\u00f6en. Sie l\u00e4uft noch bis 20 Uhr. Erwartet werden B\u00f6en bis 60 km\/h, in Schauern\u00e4he und exponierten Lagen sind auch Sturmb\u00f6en um 70 km\/h m\u00f6glich.<\/p>\n<p class=\"text-18 leading-17 user-text-lg:text-22 user-text-xl:text-24\">Generell rechnet der DWD am Montagabend mit einzelnen, teils kr\u00e4ftigen Gewittern. Dabei sind neben Sturmb\u00f6en auch Starkregen und kleink\u00f6rniger Hagel m\u00f6glich. Im Laufe des Abends soll sich die Wetterlage allm\u00e4hlich beruhigen.<\/p>\n","protected":false},"excerpt":{"rendered":"Amtliche Warnung DWD warnt vor starkem Gewitter in Frankfurt 31.08.2026 &#8211; 17:48 UhrLesedauer: 1 Min. Blitz \u00fcber Frankfurt&hellip;\n","protected":false},"author":2,"featured_media":1272031,"comment_status":"","ping_status":"","sticky":false,"template":"","format":"standard","meta":{"footnotes":"","_share_on_mastodon":"0"},"categories":[1829],"tags":[722,950,29,4906,2050,2051,30,19634,34878,2052,32438],"class_list":["post-1272030","post","type-post","status-publish","format-standard","has-post-thumbnail","category-frankfurt-am-main","tag-722","tag-deutscher-wetterdienst","tag-deutschland","tag-dwd","tag-frankfurt","tag-frankfurt-am-main","tag-germany","tag-gewitter","tag-gewitterwarnung","tag-hessen","tag-sturmboee"],"share_on_mastodon":{"url":"https:\/\/pubeurope.com\/@de\/117190938792082315","error":""},"_links":{"self":[{"href":"https:\/\/www.europesays.com\/de\/wp-json\/wp\/v2\/posts\/1272030","targetHints":{"allow":["GET"]}}],"collection":[{"href":"https:\/\/www.europesays.com\/de\/wp-json\/wp\/v2\/posts"}],"about":[{"href":"https:\/\/www.europesays.com\/de\/wp-json\/wp\/v2\/types\/post"}],"author":[{"embeddable":true,"href":"https:\/\/www.europesays.com\/de\/wp-json\/wp\/v2\/users\/2"}],"replies":[{"embeddable":true,"href":"https:\/\/www.europesays.com\/de\/wp-json\/wp\/v2\/comments?post=1272030"}],"version-history":[{"count":0,"href":"https:\/\/www.europesays.com\/de\/wp-json\/wp\/v2\/posts\/1272030\/revisions"}],"wp:featuredmedia":[{"embeddable":true,"href":"https:\/\/www.europesays.com\/de\/wp-json\/wp\/v2\/media\/1272031"}],"wp:attachment":[{"href":"https:\/\/www.europesays.com\/de\/wp-json\/wp\/v2\/media?parent=1272030"}],"wp:term":[{"taxonomy":"category","embeddable":true,"href":"https:\/\/www.europesays.com\/de\/wp-json\/wp\/v2\/categories?post=1272030"},{"taxonomy":"post_tag","embeddable":true,"href":"https:\/\/www.europesays.com\/de\/wp-json\/wp\/v2\/tags?post=1272030"}],"curies":[{"name":"wp","href":"https:\/\/api.w.org\/{rel}","templated":true}]}}