{"id":1272054,"date":"2026-08-31T16:09:25","date_gmt":"2026-08-31T16:09:25","guid":{"rendered":"https:\/\/www.europesays.com\/de\/1272054\/"},"modified":"2026-08-31T16:09:25","modified_gmt":"2026-08-31T16:09:25","slug":"heidifest-diese-stars-treten-bei-heidi-klums-oktoberfest-show-auf","status":"publish","type":"post","link":"https:\/\/www.europesays.com\/de\/1272054\/","title":{"rendered":"&#8222;HeidiFest&#8220;: Diese Stars treten bei Heidi Klums Oktoberfest-Show auf"},"content":{"rendered":"<p>Erste G\u00e4ste bekannt gegeben <\/p>\n<p>Klum holt Schlagerlegende zum &#8222;HeidiFest&#8220;<\/p>\n<p>31.08.2026 &#8211; 16:25 UhrLesedauer: 2 Min.<\/p>\n<p><a href=\"#focus-0\" class=\"transition-colors block text-current relative\" data-sctrack=\"FocusGalleryImage.Reference\"><img fetchpriority=\"high\" data-testid=\"Opener.Image\"   loading=\"eager\" src=\"https:\/\/www.europesays.com\/de\/wp-content\/uploads\/2026\/08\/heidi-klum-2025-feierte-sie-bei-prosieben-das-heidifest-in-diesem-zeigen-rtl-und-rtl-die-schlagersho.jpeg\" alt=\"Heidi Klum: 2025 feierte sie bei ProSieben das &quot;HeidiFest&quot;, in diesem zeigen RTL und RTL+ die Schlagershow.\" title=\"Heidi Klum: 2025 feierte sie bei ProSieben das &quot;HeidiFest&quot;, in diesem zeigen RTL und RTL+ die Schlagershow.\" width=\"3543\" height=\"1993\" class=\"bg-[url:var(--lqipURL)] bg-cover bg-center flex h-full w-full max-w-full\" style=\"--lqipURL:url('https:\/\/images.t-online.de\/2026\/08\/mWwjuM8e1mDU\/0x185:3543x1993\/fit-in\/150x0\/filters:blur(25)\/heidi-klum-2025-feierte-sie-bei-prosieben-das-heidifest-in-diesem-zeigen-rtl-und-rtl-die-schlagershow.jpg')\" decoding=\"async\"\/><img loading=\"lazy\" src=\"https:\/\/www.t-online.de\/s\/paper\/_next\/static\/media\/zoom-in.f7dae02f.svg\" alt=\"Vergr\u00f6\u00dfern des Bildes\" title=\"Vergr\u00f6\u00dfern des Bildes\" class=\"block h-[calc(var(--height)_\/_16_*_1rem)] w-[calc(var(--width)_\/_16_*_1rem)] max-w-none absolute right-8 bottom-8 rounded-4 bg-snow p-8\" style=\"--width:32;--height:32\" decoding=\"async\"\/><\/a><\/p>\n<p>Heidi Klum: 2025 feierte sie bei ProSieben das &#8222;HeidiFest&#8220;, in diesem zeigen RTL und RTL+ die Schlagershow. (Quelle: IMAGO)<\/p>\n<p class=\"font-bold text-18 leading-17 user-text-lg:text-22 user-text-xl:text-24\">Die ersten Namen der Promis, die beim &#8222;HeidiFest&#8220; auftreten werden, sind durchgesickert. Die Oktoberfest-Show zeigt RTL zur Primetime.<\/p>\n<p class=\"text-18 leading-17 user-text-lg:text-22 user-text-xl:text-24\">Am 17. September wird <a href=\"https:\/\/www.t-online.de\/themen\/heidi-klum\/\" class=\"transition-colors cursor-pointer no-underline md:hover:text-magenta md:focus:text-magenta border-b border-solid border-current text-salemsfur md:hover:border-magenta\" data-tracking=\"{&quot;action&quot;:&quot;click&quot;,&quot;category&quot;:&quot;intextLink&quot;,&quot;label&quot;:&quot;\/themen\/heidi-klum\/&quot;}\" data-sctrack=\"BodyAnchor\" rel=\"nofollow noopener\" target=\"_blank\">Heidi Klum<\/a> ihr Dirndl schn\u00fcren und mit ihrer Familie und prominenten G\u00e4sten im M\u00fcnchner Hofbr\u00e4uhaus das <a href=\"https:\/\/www.t-online.de\/themen\/oktoberfest\/\" class=\"transition-colors cursor-pointer no-underline md:hover:text-magenta md:focus:text-magenta border-b border-solid border-current text-salemsfur md:hover:border-magenta\" data-tracking=\"{&quot;action&quot;:&quot;click&quot;,&quot;category&quot;:&quot;intextLink&quot;,&quot;label&quot;:&quot;\/themen\/oktoberfest\/&quot;}\" data-sctrack=\"BodyAnchor\" rel=\"nofollow noopener\" target=\"_blank\">Oktoberfest<\/a> feiern. Dieses Mal l\u00e4uft das &#8222;HeidiFest&#8220; zwei Tage vor dem offiziellen Start der 191. Wiesn bei RTL und auf RTL+. Jetzt steht fest, welche Stars sicher dabei sein werden.<\/p>\n<p class=\"text-18 leading-17 user-text-lg:text-22 user-text-xl:text-24\">Am Montag gab der K\u00f6lner Sender bekannt, dass Musiker Markus M\u00f6rl und S\u00e4ngerin <a href=\"https:\/\/www.t-online.de\/themen\/vicky-leandros\/\" class=\"transition-colors cursor-pointer no-underline md:hover:text-magenta md:focus:text-magenta border-b border-solid border-current text-salemsfur md:hover:border-magenta\" data-tracking=\"{&quot;action&quot;:&quot;click&quot;,&quot;category&quot;:&quot;intextLink&quot;,&quot;label&quot;:&quot;\/themen\/vicky-leandros\/&quot;}\" data-sctrack=\"BodyAnchor\" rel=\"nofollow noopener\" target=\"_blank\">Vicky Leandros<\/a> in der Show der 53-J\u00e4hrigen auftreten werden. Letztere sagte dem Sender: &#8222;Heidi Klum ist eine erfolgreiche Powerfrau, die in ihrem Leben schon so viel erreicht hat. Sie hat die ganze Welt erobert! Ich bin jedes Jahr auf der Wiesn und freue mich schon sehr auf die Zeit in <a href=\"https:\/\/muenchen.t-online.de\/region\/muenchen\/\" class=\"transition-colors cursor-pointer no-underline md:hover:text-magenta md:focus:text-magenta border-b border-solid border-current text-salemsfur md:hover:border-magenta\" data-tracking=\"{&quot;action&quot;:&quot;click&quot;,&quot;category&quot;:&quot;intextLink&quot;,&quot;label&quot;:&quot;https:\/\/muenchen.t-online.de\/region\/muenchen\/&quot;}\" data-sctrack=\"BodyAnchor\" rel=\"nofollow noopener\" target=\"_blank\">M\u00fcnchen<\/a>.&#8220; Eigentlich hatte sich Vicky Leandros 2024 von der B\u00fchne verabschiedet.<\/p>\n<p class=\"text-18 leading-17 user-text-lg:text-22 user-text-xl:text-24\">Nach Informationen der &#8222;Bild&#8220;-Zeitung soll auch <a href=\"https:\/\/www.t-online.de\/themen\/sarah-engels\/\" class=\"transition-colors cursor-pointer no-underline md:hover:text-magenta md:focus:text-magenta border-b border-solid border-current text-salemsfur md:hover:border-magenta\" data-tracking=\"{&quot;action&quot;:&quot;click&quot;,&quot;category&quot;:&quot;intextLink&quot;,&quot;label&quot;:&quot;\/themen\/sarah-engels\/&quot;}\" data-sctrack=\"BodyAnchor\" rel=\"nofollow noopener\" target=\"_blank\">Sarah Engels<\/a> beim &#8222;HeidiFest&#8220; auftreten. Eine Best\u00e4tigung des Senders liegt bisher nicht vor. RTL zeigt die Live-Show ab 20.15 Uhr live im Free-TV. Ab 20.40 Uhr setzt RTL+ die Show fort. RTL \u00fcbertr\u00e4gt dann ein Spiel der <a href=\"https:\/\/www.t-online.de\/sport\/ergebnisse-tabelle\/fussball\/champions-league-m\/ergebnisse\/sdc_fmdo-5\/champions-league-m-aktueller-spieltag.html\" class=\"transition-colors cursor-pointer no-underline md:hover:text-magenta md:focus:text-magenta border-b border-solid border-current text-salemsfur md:hover:border-magenta\" data-tracking=\"{&quot;action&quot;:&quot;click&quot;,&quot;category&quot;:&quot;intextLink&quot;,&quot;label&quot;:&quot;\/sport\/ergebnisse-tabelle\/fussball\/champions-league-m\/ergebnisse\/sdc_fmdo-5\/champions-league-m-aktueller-spieltag.html&quot;}\" data-sctrack=\"BodyAnchor\" rel=\"nofollow noopener\" target=\"_blank\">Champions League<\/a>. Vergangenes Jahr hatte ProSieben die Schlagershow ausgestrahlt.<\/p>\n<p class=\"text-18 leading-17 user-text-lg:text-22 user-text-xl:text-24\">F\u00fcr Heidi Klum ist die Zusammenarbeit mit RTL eine Reise in die Vergangenheit und eine R\u00fcckkehr zu ihren Wurzeln: 1992 gewann sie in der Late-Night-Show von <a href=\"https:\/\/www.t-online.de\/themen\/thomas-gottschalk\/\" class=\"transition-colors cursor-pointer no-underline md:hover:text-magenta md:focus:text-magenta border-b border-solid border-current text-salemsfur md:hover:border-magenta\" data-tracking=\"{&quot;action&quot;:&quot;click&quot;,&quot;category&quot;:&quot;intextLink&quot;,&quot;label&quot;:&quot;\/themen\/thomas-gottschalk\/&quot;}\" data-sctrack=\"BodyAnchor\" rel=\"nofollow noopener\" target=\"_blank\">Thomas Gottschalk<\/a> den Wettbewerb &#8222;Model \u201992&#8220;. Es war der Beginn ihrer Karriere.<\/p>\n<p class=\"text-18 leading-17 user-text-lg:text-22 user-text-xl:text-24\">Der Wechsel von &#8222;HeidiFest&#8220; zu RTL hatte zuletzt Spekulationen ausgel\u00f6st, ob Klum k\u00fcnftig auch mit ihrer Show &#8222;Germany&#8217;s Next Topmodel&#8220; zum Sender wechseln k\u00f6nnte. RTL erkl\u00e4rte dazu, der Fokus liege zun\u00e4chst auf dem Abend selbst. \u00dcber weitere Planungen werde informiert, sobald es etwas mitzuteilen gebe.<\/p>\n","protected":false},"excerpt":{"rendered":"Erste G\u00e4ste bekannt gegeben Klum holt Schlagerlegende zum &#8222;HeidiFest&#8220; 31.08.2026 &#8211; 16:25 UhrLesedauer: 2 Min. Heidi Klum: 2025&hellip;\n","protected":false},"author":2,"featured_media":1272055,"comment_status":"","ping_status":"","sticky":false,"template":"","format":"standard","meta":{"footnotes":"","_share_on_mastodon":"0"},"categories":[1776],"tags":[1801,29,214,30,5135,92620,262692,1268,6927,171533,37553,1802,1307,640,11248,215,50381],"class_list":["post-1272054","post","type-post","status-publish","format-standard","has-post-thumbnail","category-prominente","tag-celebrities","tag-deutschland","tag-entertainment","tag-germany","tag-heidi-klum","tag-heidifest","tag-markus-moerl","tag-muenchen","tag-oktoberfest","tag-primetime","tag-pro7","tag-prominente","tag-prosieben","tag-rtl","tag-schlagershow","tag-unterhaltung","tag-vicky-leandros"],"share_on_mastodon":{"url":"https:\/\/pubeurope.com\/@de\/117190997819441916","error":""},"_links":{"self":[{"href":"https:\/\/www.europesays.com\/de\/wp-json\/wp\/v2\/posts\/1272054","targetHints":{"allow":["GET"]}}],"collection":[{"href":"https:\/\/www.europesays.com\/de\/wp-json\/wp\/v2\/posts"}],"about":[{"href":"https:\/\/www.europesays.com\/de\/wp-json\/wp\/v2\/types\/post"}],"author":[{"embeddable":true,"href":"https:\/\/www.europesays.com\/de\/wp-json\/wp\/v2\/users\/2"}],"replies":[{"embeddable":true,"href":"https:\/\/www.europesays.com\/de\/wp-json\/wp\/v2\/comments?post=1272054"}],"version-history":[{"count":0,"href":"https:\/\/www.europesays.com\/de\/wp-json\/wp\/v2\/posts\/1272054\/revisions"}],"wp:featuredmedia":[{"embeddable":true,"href":"https:\/\/www.europesays.com\/de\/wp-json\/wp\/v2\/media\/1272055"}],"wp:attachment":[{"href":"https:\/\/www.europesays.com\/de\/wp-json\/wp\/v2\/media?parent=1272054"}],"wp:term":[{"taxonomy":"category","embeddable":true,"href":"https:\/\/www.europesays.com\/de\/wp-json\/wp\/v2\/categories?post=1272054"},{"taxonomy":"post_tag","embeddable":true,"href":"https:\/\/www.europesays.com\/de\/wp-json\/wp\/v2\/tags?post=1272054"}],"curies":[{"name":"wp","href":"https:\/\/api.w.org\/{rel}","templated":true}]}}