{"id":1272065,"date":"2026-08-31T16:17:27","date_gmt":"2026-08-31T16:17:27","guid":{"rendered":"https:\/\/www.europesays.com\/de\/1272065\/"},"modified":"2026-08-31T16:17:27","modified_gmt":"2026-08-31T16:17:27","slug":"fcn-kroesche-nachfolger-das-sagt-chatzi-zum-frankfurt-geruecht-bild","status":"publish","type":"post","link":"https:\/\/www.europesays.com\/de\/1272065\/","title":{"rendered":"FCN: Kr\u00f6sche-Nachfolger? Das sagt Chatzi zum Frankfurt-Ger\u00fccht &#8211; BILD"},"content":{"rendered":"<ol>\n<li><a href=\"https:\/\/news.google.com\/rss\/articles\/CBMivwFBVV95cUxOZmtHcVNyRmRrR1FrVjI2XzJPYktxdlZfaXpsTFlfN3ZQMzhNMVgzOUMya2lfZGxPMkRCS1p0dlExeDdvQ3NOVEVRbUVXZE43eTUzOVUwcXBlQWZ2dzQwY1J3WU9JRFF1VmM0R2F0c1gtSUZRTlN3RHg1Ni1EVTZDa3NpR09PN2ZKNE1pcjk4TFFabGZIWDRDcV84SDdPdC1rS05wN0tSeUtZZWUwTUh6WmxwNWtrWjEyVzJzcy1BYw?oc=5\" target=\"_blank\" rel=\"nofollow noopener\">FCN: Kr\u00f6sche-Nachfolger? Das sagt Chatzi zum Frankfurt-Ger\u00fccht<\/a>&nbsp;&nbsp;BILD<\/li>\n<li><a href=\"https:\/\/news.google.com\/rss\/articles\/CBMiigJBVV95cUxNeVZNR29DTllsckJHdXMxOTh2bktFSTVuV096bFhzUkVrc1pOSWRMd0FYdndDRlM5dFVSV0pwS3MwN1RCTDEta2JWYUd2Q1ZZOXlHZ3VRSktMSTk0NkNmRWdINUNHMjBoaDNRa0FqbTV4OGZlVk5uWWJlaGhpTkR5YUZRbGVtMXhwTDF0ZkVwMHZrWURQWm4yWW5FZlhiWE5hdUh0c3g4U2FENThvbEhtRk5POHhiSXBRQVVUTmZjQzN1UEJHeHh0MnVISzlxX2dacU9WNXMwaHpvNC1oMGJJUW41ZlFIbzdoSzIxT1p4NDRNWVVGRTJvY2s0aVpkLWhYd2t6T05aSmhiQQ?oc=5\" target=\"_blank\" rel=\"nofollow noopener\">Transfer-Showdown und Kr\u00f6sche-Spekulationen: Unruhe bei Eintracht Frankfurt<\/a>&nbsp;&nbsp;hessenschau.de<\/li>\n<li><a href=\"https:\/\/news.google.com\/rss\/articles\/CBMiowFBVV95cUxONG9ER01DTy00SHZtc09oY3RtUzRTNG10OEp5N3dWX1JXVy1Icl9pV1JOVkxIZDg4YVJ2NDYzOVV4VU42Ty13a2pjN09JR2RzWjRfVXJkX2tLZm5BU1BtVG9uanFlM0FBbVJDdmdSUlZOOHhLVU05M3U3R0Z1amQ4RkJKUFNJV25IRHhINWZUV29fWUlualRVMWFQT1NVWGhtRmhv?oc=5\" target=\"_blank\" rel=\"nofollow noopener\">FUSSBALL 2000 \u2013 der Eintracht-Videopodcast: FUSSBALL 2000 \u2013 Zwischen Saisonstart und Bosse-Beben<\/a>&nbsp;&nbsp;sportschau.de<\/li>\n<li><a href=\"https:\/\/news.google.com\/rss\/articles\/CBMiwAFBVV95cUxPNEJPRko5bzZzdWQxbmxjNXFXTV9KOTB5Q2x0Q0xJY1pwVkZHSUNBLVlYTnIzR0RnMnNOWlFTdHBwa1g1STNzSDVta3VrV0JKc2loekNmOU9EOHR2VWwtMU9mT0Y4VW1hOFNLNU5ZRE1McnFHbURndWJYbDhYSDF1bGpUSGNYemp0TGlGLUstR1FrNFN6ZEtjOWNCOGV2WEJmeWZORmJwQnJoc3czaXFwdjE3ZVRiMTVYSE1DSVBvS2w?oc=5\" target=\"_blank\" rel=\"nofollow noopener\">(k+) Eitelkeiten &amp; Stinkbomben, Dichtung &amp; Wahrheit: Der Fall Kr\u00f6sche wirft brisante Fragen auf<\/a>&nbsp;&nbsp;Kicker<\/li>\n<li><a href=\"https:\/\/news.google.com\/rss\/articles\/CBMivAFBVV95cUxQcFVwUHlNNVh1WDdmT0JvU1Vvd2RSZkJ1Q3lhYUFHS1FWei1pMHJfZ1VDVkp4d3pndmY3SGdJaWUyVzJ6c0NsOEV1UFFoNFNFaEZ0LVlWUzU3REFkZ0tvY2MyT2V3RHFBbEFiVGZjSk9yRUxMVURNYjdKMjdnV1ZfSVY4b3JTUldxWXB0Q1JfcFZlbnp1NGNUS0JoUE95WFNZNEJNam5pb2xPTkdtTlJKMm1UWDN5ak81M19QMA?oc=5\" target=\"_blank\" rel=\"nofollow noopener\">Eintracht Frankfurt | Kr\u00f6sche-Nachfolger? N\u00fcrnberg-Boss reagiert auf SGE-Ger\u00fcchte<\/a>&nbsp;&nbsp;sport.de<\/li>\n<\/ol>\n","protected":false},"excerpt":{"rendered":"FCN: Kr\u00f6sche-Nachfolger? Das sagt Chatzi zum Frankfurt-Ger\u00fccht&nbsp;&nbsp;BILD Transfer-Showdown und Kr\u00f6sche-Spekulationen: Unruhe bei Eintracht Frankfurt&nbsp;&nbsp;hessenschau.de FUSSBALL 2000 \u2013 der&hellip;\n","protected":false},"author":2,"featured_media":1272066,"comment_status":"","ping_status":"","sticky":false,"template":"","format":"standard","meta":{"footnotes":"","_share_on_mastodon":"0"},"categories":[136],"tags":[783,10904,29,460,347,30,7164,877,265,1470,1031,784],"class_list":["post-1272065","post","type-post","status-publish","format-standard","has-post-thumbnail","category-sport","tag-1-fc-nuernberg","tag-chatzialexiou-joti","tag-deutschland","tag-eintracht-frankfurt","tag-fussball","tag-germany","tag-kroesche-markus","tag-spobi-2-liga","tag-sport","tag-sport-leuchtturm-muenchen","tag-vorstand","tag-zweite-bundesliga"],"share_on_mastodon":{"url":"https:\/\/pubeurope.com\/@de\/117191026029652480","error":""},"_links":{"self":[{"href":"https:\/\/www.europesays.com\/de\/wp-json\/wp\/v2\/posts\/1272065","targetHints":{"allow":["GET"]}}],"collection":[{"href":"https:\/\/www.europesays.com\/de\/wp-json\/wp\/v2\/posts"}],"about":[{"href":"https:\/\/www.europesays.com\/de\/wp-json\/wp\/v2\/types\/post"}],"author":[{"embeddable":true,"href":"https:\/\/www.europesays.com\/de\/wp-json\/wp\/v2\/users\/2"}],"replies":[{"embeddable":true,"href":"https:\/\/www.europesays.com\/de\/wp-json\/wp\/v2\/comments?post=1272065"}],"version-history":[{"count":0,"href":"https:\/\/www.europesays.com\/de\/wp-json\/wp\/v2\/posts\/1272065\/revisions"}],"wp:featuredmedia":[{"embeddable":true,"href":"https:\/\/www.europesays.com\/de\/wp-json\/wp\/v2\/media\/1272066"}],"wp:attachment":[{"href":"https:\/\/www.europesays.com\/de\/wp-json\/wp\/v2\/media?parent=1272065"}],"wp:term":[{"taxonomy":"category","embeddable":true,"href":"https:\/\/www.europesays.com\/de\/wp-json\/wp\/v2\/categories?post=1272065"},{"taxonomy":"post_tag","embeddable":true,"href":"https:\/\/www.europesays.com\/de\/wp-json\/wp\/v2\/tags?post=1272065"}],"curies":[{"name":"wp","href":"https:\/\/api.w.org\/{rel}","templated":true}]}}