{"id":1272071,"date":"2026-08-31T16:21:24","date_gmt":"2026-08-31T16:21:24","guid":{"rendered":"https:\/\/www.europesays.com\/de\/1272071\/"},"modified":"2026-08-31T16:21:24","modified_gmt":"2026-08-31T16:21:24","slug":"betriebsversammlung-wie-geht-es-mit-vw-in-hannover-weiter","status":"publish","type":"post","link":"https:\/\/www.europesays.com\/de\/1272071\/","title":{"rendered":"Betriebsversammlung: Wie geht es mit VW in Hannover weiter?"},"content":{"rendered":"<p>\n                Stand: 31.08.2026 16:23 Uhr<\/p>\n<p class=\"preface\">Am Montag stand der Vorstand im Volkswagen-Werk Hannover der Belegschaft Rede und Antwort. Es ging um die Zukunft des Standortes. Es war die vorerst letzte von f\u00fcnf Sonderbetriebsversammlungen in Niedersachsen.<\/p>\n<p class=\"\">Der bei der Versammlung anwesende Finanzvorstand Arno Antlitz forderte nach Informationen der Nachrichtenagentur Reuters weitere Kostensenkungen. Der Standort k\u00f6nne umso besser gesichert werden, je wettbewerbsf\u00e4higer er sei. &#8222;Die Fabrikkosten in Hannover sind immer noch deutlich h\u00f6her trotz der erreichten Verbesserungen&#8220;, so Antlitz. Die Besch\u00e4ftigten k\u00f6nnten zum Erhalt des Standortes beitragen, indem sie Qualit\u00e4t, Produktivit\u00e4t und Leistung verbesserten, hie\u00df es weiter vom Finanzvorstand. Konzernchef Oliver Blume war nach NDR Informationen nicht bei der Versammlung anwesend. Vor Ort kam es zu Demonstrationen von etwa 100 VW-Mitarbeitern mit minutenlangen Pfiffen.<\/p>\n<p>    Betriebsrat fordert wieder Bau des Transporters<\/p>\n<p class=\"\">Antlitz sagte, dass Werksschlie\u00dfungen immer die teuerste und letzte L\u00f6sung seien. Es m\u00fcssten aber neue Perspektiven und Besch\u00e4ftigungen geschaffen werden, sollte es trotz aller Bem\u00fchungen keine wirtschaftliche Belegung des Werks in Hannover ab 2030 geben. Der Betriebsratschef in Hannover Stavros Christidis fordert unter anderem, dass der VW-Transporter k\u00fcnftig wieder in Hannover gebaut werden soll. Seit 2024 l\u00e4uft dieser nach Angaben des Konzerns in der T\u00fcrkei vom Band. Darauf hat sich die VW-F\u00fchrung nach NDR Informationen aber an der Betriebsversammlung nicht eingelassen. Aktuell werden am Standort Hannover <a href=\"https:\/\/www.ndr.de\/nachrichten\/niedersachsen\/hannover_weser-leinegebiet\/komplett-autonom-vw-startet-2027-serienproduktion-des-e-bulli,vw-1078.html\" title=\"Komplett autonom: VW startet 2027 Serienproduktion des E-Bulli\" rel=\"nofollow noopener\" target=\"_blank\">Modelle wie der &#8222;ID.Buzz&#8220;<\/a> oder der &#8222;Multivan&#8220; produziert.<\/p>\n<p>        <img decoding=\"async\" src=\"https:\/\/www.europesays.com\/de\/wp-content\/uploads\/2026\/08\/vw-1278.webp\" alt=\"Das VW-Logo neben Fahnenmasten am Eingang zum VW-Werk.\" title=\"Das VW-Logo neben Fahnenmasten am Eingang zum VW-Werk. | NDR\" class=\"responsive\" loading=\"lazy\"\/><\/p>\n<p>Wer konkrete Antworten in den Betriebsversammlungen bei VW erwartet hat, war naiv, meint Hilke Janssen in ihrem Kommentar.<\/p>\n<p>    Julia Willie Hamburg: Zeit f\u00fcr Verantwortung und Entscheidungen<\/p>\n<p class=\"\">&#8222;Jetzt ist nicht die Zeit f\u00fcr gegenseitige Schuldzuweisungen&#8220;, sagt die stellvertretende Ministerpr\u00e4sidentin Julia Willie Hamburg (Gr\u00fcne), die am Montag neben Ministerpr\u00e4sident Lies das <a href=\"https:\/\/www.ndr.de\/nachrichten\/niedersachsen\/oldenburg_ostfriesland\/ungewisse-zukunft-ministerpraesident-lies-besucht-vw-werk-in-emden,vw-1396.html\" title=\"Ungewisse Zukunft: Ministerpr\u00e4sident Lies besucht VW Werk in Emden\" rel=\"nofollow noopener\" target=\"_blank\">VW-Werk in Emden<\/a> besuchte, vor der anstehenden Aufsichtsratssitzung. Es sei nun Zeit, Verantwortung zu \u00fcbernehmen und Entscheidungen zu treffen. Die Herausforderungen f\u00fcr das Unternehmen seien ernst. Genauso ernst nehme man aber auch die Verantwortung f\u00fcr die Besch\u00e4ftigten und die Zukunft der Industriestandorte, so Hamburg weiter. Sie forderte, dass eine &#8222;tragf\u00e4hige L\u00f6sung mit Perspektive&#8220; gefunden wird. Alle Beteiligten m\u00fcssten sich bewegen und bereit sein, Verantwortung zu \u00fcbernehmen. Auch den Bund nimmt Hamburg in die Pflicht: Er m\u00fcsse &#8222;seinen Beitrag leisten: f\u00fcr Wettbewerbsf\u00e4higkeit, f\u00fcr Investitionen und f\u00fcr eine klare Perspektive der Industrie in Deutschland&#8220;, hie\u00df es.<\/p>\n<p>    Wie geht es mit dem Werk in Hannover weiter?<\/p>\n<p class=\"\">Die Nutzfahrzeugfabrik in Hannover mit mehr als 12.000 Mitarbeitenden geh\u00f6rt zu den vier Standorten des VW-Konzerns, deren Zukunft ungewiss ist. Auch bei den bisherigen <a href=\"https:\/\/www.ndr.de\/nachrichten\/niedersachsen\/braunschweig_harz_goettingen\/betriebsversammlung-bei-vw-blume-bekommt-unmut-zu-spueren,vw-1334.html\" title=\"Betriebsversammlung bei VW: Blume bekommt Unmut zu sp\u00fcren\" rel=\"nofollow noopener\" target=\"_blank\">Betriebsversammlungen in Wolfsburg, Braunschweig<\/a>, Emden und Salzgitter habe die Konzernf\u00fchrung keine eindeutigen Angaben dazu gemacht, wie es mit den Werken weitergehen soll. Das stie\u00df bei der Gewerkschaft &#8222;IG Metall Niedersachsen und Sachsen-Anhalt&#8220; auf Kritik.<\/p>\n<p>    Rollen hier bald nicht mehr Autos vom Band?<\/p>\n<p class=\"\">Darum k\u00f6nne auch nicht ausgeschlossen werden, dass Werke in Niedersachsen ab 2030 f\u00fcr andere Produktionen genutzt werden k\u00f6nnten, hie\u00df es vom Finanzvorstand Antlitz. Unter anderem gibt es nach NDR Informationen Gespr\u00e4che, ob der <a href=\"https:\/\/www.ndr.de\/nachrichten\/niedersachsen\/osnabrueck_emsland\/uebernimmt-ein-israelischer-ruestungskonzern-vw-werk-osnabrueck,osnabrueck-662.html\" title=\"\u00dcbernimmt ein israelischer R\u00fcstungskonzern das VW-Werk Osnabr\u00fcck?\" rel=\"nofollow noopener\" target=\"_blank\">israelische R\u00fcstungskonzern &#8222;Rafael&#8220; das VW-Werk in Osnabr\u00fcck kaufen k\u00f6nnte<\/a>. Nach Gewinneinbr\u00fcchen 2025 leitete VW einen Sparkurs ein. Rund 100.000 Stellen will der Konzern nach eigenen Angaben derzeit weltweit abbauen.<\/p>\n<p>        <img decoding=\"async\" src=\"https:\/\/www.europesays.com\/de\/wp-content\/uploads\/2026\/08\/olaflies156.webp\" alt=\"Niedersachsens Ministerpr\u00e4sident Olaf Lies.\" title=\"Niedersachsens Ministerpr\u00e4sident Olaf Lies. | picture alliance \/ Flashpic | Jens Krick, Jens Krick\" class=\"responsive\" loading=\"lazy\"\/><\/p>\n<p>Die IG Metall gibt sich hingegen k\u00e4mpferisch. Eskalieren k\u00f6nnte der Streit um den Sanierungskurs auf der n\u00e4chsten Aufsichtsratssitzung.<\/p>\n<p>        <img decoding=\"async\" src=\"https:\/\/www.europesays.com\/de\/wp-content\/uploads\/2026\/08\/volkswagen2166.webp\" alt=\"Blick auf das VW-Markenhochhaus in Wolfsburg.\" title=\"Blick auf das VW-Markenhochhaus in Wolfsburg. | picture alliance\/dpa\/Julian Stratenschulte, Julian Stratenschulte\" class=\"responsive\" loading=\"lazy\"\/><\/p>\n<p>Die Bundestagsfraktionen der Linken und der Gr\u00fcnen haben eine Sondersitzung des Wirtschaftsausschusses beantragt.<\/p>\n<p>        <img decoding=\"async\" src=\"https:\/\/www.europesays.com\/de\/wp-content\/uploads\/2026\/08\/vw-1384.webp\" alt=\"Blick auf das VW-Werk in Osnabr\u00fcck.\" title=\"Blick auf das VW-Werk in Osnabr\u00fcck. | NDR, Susanne Sch\u00e4fer\" class=\"responsive\" loading=\"lazy\"\/><\/p>\n<p>Derzeit laufen Gespr\u00e4che mit einem israelischen Konzern. Nun steht wohl ein Termin f\u00fcr eine Absichtserkl\u00e4rung fest.  <\/p>\n<p>        <img decoding=\"async\" src=\"https:\/\/www.europesays.com\/de\/wp-content\/uploads\/2026\/08\/blume-150.webp\" alt=\"Oliver Blume, Vorstandsvorsitzender der Volkswagen Group, spricht bei der Betriebsversammlung von Volkswagen.\" title=\"Oliver Blume, Vorstandsvorsitzender der Volkswagen Group, spricht bei der Betriebsversammlung von Volkswagen. | Roland Niepaul\/Volkswagen VW\/dpa\" class=\"responsive\" loading=\"lazy\"\/><\/p>\n<p>Mehr als 10.000 Besch\u00e4ftigte nahmen &#8211; teilweise durchaus lautstark &#8211; teil. Der Konzernchef bleibt indessen unkonkret.<\/p>\n<p>        <img decoding=\"async\" src=\"https:\/\/www.europesays.com\/de\/wp-content\/uploads\/2026\/08\/screenshot-217162.webp\" alt=\"Redakteurin Annette Deutskens. \" title=\"Redakteurin Annette Deutskens.  | Screenshot\" class=\"responsive\" loading=\"lazy\"\/><\/p>\n<p>Der Betriebsrat fordert klare Aussagen \u00fcber die Zukunft des Konzerns. Annette Deutskens mit den aktuellen Entwicklungen.<\/p>\n","protected":false},"excerpt":{"rendered":"Stand: 31.08.2026 16:23 Uhr Am Montag stand der Vorstand im Volkswagen-Werk Hannover der Belegschaft Rede und Antwort. Es&hellip;\n","protected":false},"author":2,"featured_media":1272072,"comment_status":"","ping_status":"","sticky":false,"template":"","format":"standard","meta":{"footnotes":"","_share_on_mastodon":"0"},"categories":[134],"tags":[590,607,101602,175,170,169,29,30,46,1025,171,174,14,15,1411,173,172,603,262693],"class_list":["post-1272071","post","type-post","status-publish","format-standard","has-post-thumbnail","category-unternehmen-maerkte","tag-aktuell","tag-autokonzern","tag-betriebsversammlung","tag-business","tag-companies","tag-companies-markets","tag-deutschland","tag-germany","tag-hannover","tag-konzern","tag-markets","tag-maerkte","tag-nachrichten","tag-news","tag-niedersachsen","tag-unternehmen","tag-unternehmen-maerkte","tag-vw","tag-werksschliessungen"],"share_on_mastodon":{"url":"https:\/\/pubeurope.com\/@de\/117191044642161164","error":""},"_links":{"self":[{"href":"https:\/\/www.europesays.com\/de\/wp-json\/wp\/v2\/posts\/1272071","targetHints":{"allow":["GET"]}}],"collection":[{"href":"https:\/\/www.europesays.com\/de\/wp-json\/wp\/v2\/posts"}],"about":[{"href":"https:\/\/www.europesays.com\/de\/wp-json\/wp\/v2\/types\/post"}],"author":[{"embeddable":true,"href":"https:\/\/www.europesays.com\/de\/wp-json\/wp\/v2\/users\/2"}],"replies":[{"embeddable":true,"href":"https:\/\/www.europesays.com\/de\/wp-json\/wp\/v2\/comments?post=1272071"}],"version-history":[{"count":0,"href":"https:\/\/www.europesays.com\/de\/wp-json\/wp\/v2\/posts\/1272071\/revisions"}],"wp:featuredmedia":[{"embeddable":true,"href":"https:\/\/www.europesays.com\/de\/wp-json\/wp\/v2\/media\/1272072"}],"wp:attachment":[{"href":"https:\/\/www.europesays.com\/de\/wp-json\/wp\/v2\/media?parent=1272071"}],"wp:term":[{"taxonomy":"category","embeddable":true,"href":"https:\/\/www.europesays.com\/de\/wp-json\/wp\/v2\/categories?post=1272071"},{"taxonomy":"post_tag","embeddable":true,"href":"https:\/\/www.europesays.com\/de\/wp-json\/wp\/v2\/tags?post=1272071"}],"curies":[{"name":"wp","href":"https:\/\/api.w.org\/{rel}","templated":true}]}}