{"id":1272073,"date":"2026-08-31T16:22:19","date_gmt":"2026-08-31T16:22:19","guid":{"rendered":"https:\/\/www.europesays.com\/de\/1272073\/"},"modified":"2026-08-31T16:22:19","modified_gmt":"2026-08-31T16:22:19","slug":"vorfall-ueber-der-ostsee-polnische-luftwaffe-faengt-russisches-spionageflugzeug-ab","status":"publish","type":"post","link":"https:\/\/www.europesays.com\/de\/1272073\/","title":{"rendered":"Vorfall \u00fcber der Ostsee: Polnische Luftwaffe f\u00e4ngt russisches Spionageflugzeug ab"},"content":{"rendered":"<p>Vorfall \u00fcber der OstseePolnische Luftwaffe f\u00e4ngt russisches Spionageflugzeug ab<\/p>\n<p>31.08.2026, 17:31 Uhr <\/p>\n<p>Artikel anh\u00f6ren(02:18 min)<\/p>\n<p><img decoding=\"async\" class=\"Image_img__fQCi0 Image_Img_16_9__4BLfH widget-picture-inline_maximizable__t_E7h\" loading=\"eager\" fetchpriority=\"high\" src=\"https:\/\/www.europesays.com\/de\/wp-content\/uploads\/2026\/08\/HRDUZZ6WIAEoaUA.webp\" alt=\"HRDUZZ6WIAEoaUA\"\/>Die Il-20 wurde in der Sowjetunion entwickelt. (Foto: X\/ W\u0142adys\u0142aw Kosiniak-Kamysz)<\/p>\n<p class=\"Typography_text-m__XI0da Typography_weight-bold__uT6mq storyline_lead_text_leadtext__q_wg8\">Regelm\u00e4\u00dfig operieren russische Milit\u00e4rmaschinen im internationalen Luftraum \u00fcber der Ostsee ohne Transponder und Flugplan. Diesmal f\u00e4ngt die polnische Luftwaffe eine Il-20 nahe dem Badeort Leba ab. Der polnische Luftraum wird nach Angaben Warschaus bei dem Vorfall nicht verletzt. <\/p>\n<p class=\"Typography_text-default__P3otY Typography_weight-normal__pqUbH storyline_paragraph_p__qSR5N\">Die polnische Luftwaffe hat nach Regierungsangaben erneut ein russisches Aufkl\u00e4rungsflugzeug \u00fcber der Ostsee abgefangen. Der russische Aufkl\u00e4rer vom Typ Iljuschin Il-20 sei 30 Kilometer n\u00f6rdlich des Badeorts Leba unterwegs gewesen, schrieb Polens Verteidigungsminister Wladyslaw Kosiniak-Kamysz auf der Nachrichtenplattform X. Dort h\u00e4tten ihn polnische Kampfjets abgefangen. Der polnische Luftraum sei nicht verletzt worden.\u00a0<\/p>\n<p class=\"Typography_text-default__P3otY Typography_weight-normal__pqUbH storyline_paragraph_p__qSR5N\">&#8222;Russland hat erneut unsere Verteidigungs- und Luftabwehrsysteme auf die Probe gestellt&#8220;, schrieb Kosiniak-Kamysz weiter. Bereits Ende Juli und Anfang August war es innerhalb weniger Tage zu drei \u00e4hnlichen Vorf\u00e4llen mit russischen Aufkl\u00e4rern \u00fcber der Ostsee gekommen. Das Binnenmeer ist eine wichtige Versorgungsroute der Nato. <\/p>\n<p class=\"Typography_text-default__P3otY Typography_weight-normal__pqUbH storyline_paragraph_p__qSR5N\">Beim sogenannten Abfangen in der Luft nehmen die Piloten Sichtkontakt zur gegnerischen Besatzung auf und signalisieren mit Gesten, dass deren Flugzeug sich entfernen soll. Die russischen Maschinen fliegen im internationalen Luftraum \u00fcber der Ostsee oft ohne Flugplan und mit ausgeschalteten Transpondern. In Polen und den baltischen Staaten gibt es Bef\u00fcrchtungen, dass Moskau wegen seiner Probleme im Ukraine-Krieg vermehrt Nato-Staaten beispielsweise mit Aufkl\u00e4rungsfl\u00fcgen provozieren k\u00f6nnte. <\/p>\n<p class=\"Typography_text-default__P3otY Typography_weight-normal__pqUbH storyline_paragraph_p__qSR5N\">Die Il-20 wurde in der Sowjetunion entwickelt und erstmals 1978 von der Nato beobachtet (Codename: Coot-A). Das Flugzeug ist mit spezieller Technik zur elektronischen Aufkl\u00e4rung ausger\u00fcstet. Bereits w\u00e4hrend des Kalten Kriegs wurden Maschinen dieses Typs immer wieder \u00fcber europ\u00e4ischen Gew\u00e4ssern gesichtet.<\/p>\n<p class=\"Typography_text-s__wu_cm Typography_weight-normal__pqUbH Typography_color-darkgrey__sZEnP article-detail-footer_source__KslPc\">Quelle: ntv.de, jpe\/dpa<\/p>\n","protected":false},"excerpt":{"rendered":"Vorfall \u00fcber der OstseePolnische Luftwaffe f\u00e4ngt russisches Spionageflugzeug ab 31.08.2026, 17:31 Uhr Artikel anh\u00f6ren(02:18 min) Die Il-20 wurde&hellip;\n","protected":false},"author":2,"featured_media":1272074,"comment_status":"","ping_status":"","sticky":false,"template":"","format":"standard","meta":{"footnotes":"","_share_on_mastodon":"0"},"categories":[3],"tags":[13,14,15,2852,3917,16,307,12,10,8,9,11,103,104],"class_list":["post-1272073","post","type-post","status-publish","format-standard","has-post-thumbnail","category-welt","tag-headlines","tag-nachrichten","tag-news","tag-ostsee","tag-polen","tag-politik","tag-russland","tag-schlagzeilen","tag-top-news","tag-top-meldungen","tag-topmeldungen","tag-topnews","tag-welt","tag-world"],"share_on_mastodon":{"url":"","error":""},"_links":{"self":[{"href":"https:\/\/www.europesays.com\/de\/wp-json\/wp\/v2\/posts\/1272073","targetHints":{"allow":["GET"]}}],"collection":[{"href":"https:\/\/www.europesays.com\/de\/wp-json\/wp\/v2\/posts"}],"about":[{"href":"https:\/\/www.europesays.com\/de\/wp-json\/wp\/v2\/types\/post"}],"author":[{"embeddable":true,"href":"https:\/\/www.europesays.com\/de\/wp-json\/wp\/v2\/users\/2"}],"replies":[{"embeddable":true,"href":"https:\/\/www.europesays.com\/de\/wp-json\/wp\/v2\/comments?post=1272073"}],"version-history":[{"count":0,"href":"https:\/\/www.europesays.com\/de\/wp-json\/wp\/v2\/posts\/1272073\/revisions"}],"wp:featuredmedia":[{"embeddable":true,"href":"https:\/\/www.europesays.com\/de\/wp-json\/wp\/v2\/media\/1272074"}],"wp:attachment":[{"href":"https:\/\/www.europesays.com\/de\/wp-json\/wp\/v2\/media?parent=1272073"}],"wp:term":[{"taxonomy":"category","embeddable":true,"href":"https:\/\/www.europesays.com\/de\/wp-json\/wp\/v2\/categories?post=1272073"},{"taxonomy":"post_tag","embeddable":true,"href":"https:\/\/www.europesays.com\/de\/wp-json\/wp\/v2\/tags?post=1272073"}],"curies":[{"name":"wp","href":"https:\/\/api.w.org\/{rel}","templated":true}]}}