{"id":1272075,"date":"2026-08-31T16:23:19","date_gmt":"2026-08-31T16:23:19","guid":{"rendered":"https:\/\/www.europesays.com\/de\/1272075\/"},"modified":"2026-08-31T16:23:19","modified_gmt":"2026-08-31T16:23:19","slug":"jp-kraemer-bvb-beendet-zusammenarbeit-noch-ehefrau-spricht-von-todesangst","status":"publish","type":"post","link":"https:\/\/www.europesays.com\/de\/1272075\/","title":{"rendered":"JP Kraemer: BVB beendet Zusammenarbeit\u00a0\u2013 Noch-Ehefrau spricht von \u201eTodesangst\u201c"},"content":{"rendered":"<p>Nach den Vorw\u00fcrfen gegen Jean Pierre Kraemer ziehen erste Unternehmen Konsequenzen. Eine BVB-Kollektion ist inzwischen aus dem Onlineshop verschwunden.<\/p>\n<p class=\"c-inline-alert__description\">Klicken Sie hier, um sich Artikel von WELT in der Google-Suche bevorzugt anzeigen zu lassen.<\/p>\n<p class=\"is-first-paragraph\" data-external=\"Article.FirstParagraph\">Borussia Dortmund hat die Zusammenarbeit mit dem Tuning-Unternehmer und Webvideoproduzenten Jean Pierre \u201eJP\u201c Kraemer beendet. Das berichtet \u201e<a class=\"is-link c-block-items__link is-external c-link--rich-text-renderer\" href=\"https:\/\/www.bild.de\/news\/inland\/nach-pruegelskandal-bvb-schmeisst-t-shirts-von-jp-kraemer-aus-shop-6a956dc4518a586e1855e3d0\" target=\"_blank\" title=\"Link wird in einem neuen Tab ge\u00f6ffnet\" rel=\"nofollow noopener\" data-internal-tracking-enabled=\"true\" data-internal-tracking=\"{&quot;action&quot;:&quot;click&quot;,&quot;label&quot;:&quot;link&quot;,&quot;name&quot;:&quot;Inline Element&quot;,&quot;data&quot;:{&quot;source&quot;:&quot;&quot;,&quot;target&quot;:&quot;https:\/\/www.bild.de\/news\/inland\/nach-pruegelskandal-bvb-schmeisst-t-shirts-von-jp-kraemer-aus-shop-6a956dc4518a586e1855e3d0&quot;,&quot;trackingName&quot;:&quot;&quot;,&quot;trackingLabel&quot;:&quot;&quot;}}\">Bild<\/a>\u201c. Der Verein best\u00e4tigte, dass die gemeinsame Modekollektion nicht mehr im Sortiment gef\u00fchrt wird.<\/p>\n<p>\u201eDie gemeinsame BVB-JP-Modekollektion ist nicht mehr Bestandteil unseres Sortiments und wird daher auf unserer Website nicht mehr angeboten\u201c, teilte der BVB mit. Zu Einzelheiten bestehender oder fr\u00fcherer Vertragsbeziehungen \u00e4u\u00dfere sich der Klub grunds\u00e4tzlich nicht.<\/p>\n<p>Die Kooperation zwischen dem Fu\u00dfball-Bundesligisten und Kraemer war erst im Fr\u00fchjahr 2026 gestartet. Unter dem Namen \u201eBVB x JP Performance\u201c hatten beide eine gemeinsame Kollektion auf den Markt gebracht, die sich insbesondere an autoaffine BVB-Fans richtete. Angeboten wurden unter anderem T-Shirts und Pullover.<\/p>\n<p>Die entsprechende Seite im BVB-Onlineshop ist inzwischen nicht mehr abrufbar. Auch die fr\u00fchere Ank\u00fcndigung der Zusammenarbeit ist dort nicht mehr verf\u00fcgbar.<\/p>\n<p>Kraemer wurde unter anderem durch die Sendung \u201eDie PS-Profis\u201c bekannt und entwickelte sich anschlie\u00dfend zu einem erfolgreichen Unternehmer und Webvideoproduzenten mit gro\u00dfer Reichweite. Nach Vorw\u00fcrfen von h\u00e4uslicher Gewalt wenden sich zunehmend Gesch\u00e4ftspartner von ihm ab. Mehrere Unternehmen haben bereits Konsequenzen gezogen und ihre Zusammenarbeit beendet.<\/p>\n<p>Seit einem Polizeieinsatz in seiner Dortmunder Villa am 26. Juli steht der 45-j\u00e4hrige Kraemer nun \u00f6ffentlich in der Kritik. Denn die Beh\u00f6rden best\u00e4tigten eine Strafanzeige wegen des Verdachts der vors\u00e4tzlichen einfachen K\u00f6rperverletzung und der Sachbesch\u00e4digung. <\/p>\n<p>Gleichzeitig gelangten Aufnahmen einer \u00dcberwachungskamera aus dem November 2024 an die \u00d6ffentlichkeit. <a class=\"is-link c-block-items__link c-link--rich-text-renderer\" href=\"https:\/\/www.welt.de\/vermischtes\/article6a91aebf2ed18bbd042e77e0\/tuning-experte-auch-mit-der-flachen-hand-war-falsch-jean-pierre-kraemer-gibt-gewalt-gegen-ehefrau-zu.html\" data-internal-tracking-enabled=\"true\" data-internal-tracking=\"{&quot;action&quot;:&quot;click&quot;,&quot;label&quot;:&quot;link&quot;,&quot;name&quot;:&quot;Inline Element&quot;,&quot;data&quot;:{&quot;source&quot;:&quot;&quot;,&quot;target&quot;:&quot;https:\/\/www.welt.de\/vermischtes\/article6a91aebf2ed18bbd042e77e0\/tuning-experte-auch-mit-der-flachen-hand-war-falsch-jean-pierre-kraemer-gibt-gewalt-gegen-ehefrau-zu.html&quot;,&quot;trackingName&quot;:&quot;&quot;,&quot;trackingLabel&quot;:&quot;&quot;}}\" rel=\"nofollow noopener\" target=\"_blank\">Das Video soll zeigen, wie Kraemer seine damalige Ehefrau Julia Meck am Hals packt, wegst\u00f6\u00dft und an den Haaren greift<\/a>. Kraemer thematisierte die Aufnahmen sp\u00e4ter selbst in einem YouTube-Video und <a class=\"is-link c-block-items__link is-external c-link--rich-text-renderer\" href=\"https:\/\/www.youtube.com\/watch?v=mtdEuKG01Fs\" target=\"_blank\" title=\"Link wird in einem neuen Tab ge\u00f6ffnet\" rel=\"nofollow noopener\" data-internal-tracking-enabled=\"true\" data-internal-tracking=\"{&quot;action&quot;:&quot;click&quot;,&quot;label&quot;:&quot;link&quot;,&quot;name&quot;:&quot;Inline Element&quot;,&quot;data&quot;:{&quot;source&quot;:&quot;&quot;,&quot;target&quot;:&quot;https:\/\/www.youtube.com\/watch?v=mtdEuKG01Fs&quot;,&quot;trackingName&quot;:&quot;&quot;,&quot;trackingLabel&quot;:&quot;&quot;}}\">bezeichnete sein Verhalten als falsch<\/a>. Mehr <a class=\"is-link c-block-items__link is-external c-link--rich-text-renderer\" href=\"https:\/\/www.youtube.com\/watch?v=mtdEuKG01Fs\" target=\"_blank\" title=\"Link wird in einem neuen Tab ge\u00f6ffnet\" rel=\"nofollow noopener\" data-internal-tracking-enabled=\"true\" data-internal-tracking=\"{&quot;action&quot;:&quot;click&quot;,&quot;label&quot;:&quot;link&quot;,&quot;name&quot;:&quot;Inline Element&quot;,&quot;data&quot;:{&quot;source&quot;:&quot;&quot;,&quot;target&quot;:&quot;https:\/\/www.youtube.com\/watch?v=mtdEuKG01Fs&quot;,&quot;trackingName&quot;:&quot;&quot;,&quot;trackingLabel&quot;:&quot;&quot;}}\">als 2,8 Millionen Zuschauer<\/a> riefen das Video inzwischen auf. <\/p>\n<p>Auch G\u00f6nrgy beendet Kooperation<\/p>\n<p>Das Getr\u00e4nkeunternehmen G\u00f6nrgy beendete mittlerweile die Zusammenarbeit mit Kraemer. Das Unternehmen, das dem Influencer MontanaBlack zugerechnet wird, erkl\u00e4rte am Montag auf Instagram: \u201eAus gegebenem Anlass beenden wir die Zusammenarbeit mit Jean Pierre Kraemer.\u201c Zugleich betonte G\u00f6nrgy: \u201eWir distanzieren uns deutlich von Gewalt gegen Frauen und generell von Gewalt in egal welcher Form.\u201c<\/p>\n<p>Kraemer war zuletzt das Werbegesicht einer Sorte des Energy-Drinks. \u00dcber Jahre hinweg hatten er und MontanaBlack (b\u00fcrgerlich: Marcel Thomas Andreas Eris) zudem immer wieder gemeinsam vor der Kamera gestanden. Die beiden Influencer verbindet eine langj\u00e4hrige Bekanntschaft sowie ihre Leidenschaft f\u00fcr Sportwagen und Tuning. <\/p>\n<p>Kraemer k\u00fcndigt Auszeit und Therapie an<\/p>\n<p>Nach Bekanntwerden der Vorw\u00fcrfe k\u00fcndigte Kraemer auf Instagram eine Auszeit an. Inzwischen hat er s\u00e4mtliche Beitr\u00e4ge auf seinem Profil gel\u00f6scht. Aktuell ist dort nur noch der Post zu seiner angek\u00fcndigten Auszeit zu sehen. Im Anschluss wolle er eine Therapie beginnen.<\/p>\n<p>Das deutsch-portugiesische Model Meck und der Autobauer waren nach Angaben der 25-J\u00e4hrigen rund zwei Jahre ein Paar und verheiratet. Kennengelernt hatten sie sich allerdings bereits deutlich fr\u00fcher auf der Essen Motor Show, als Meck erst 16 Jahre alt war. Erst sp\u00e4ter entwickelte sich aus der Bekanntschaft eine Beziehung. Bereits nach drei Monaten machte Kraemer seiner Partnerin einen Heiratsantrag. F\u00fcr die Trauung wurden die beiden per Hubschrauber auf ein Felsplateau geflogen. Auf Instagram schrieb Kraemer damals, die Liebe zu seiner Frau mache ihn \u201eunglaublich sprachlos &amp; gl\u00fccklich zugleich\u201c. <\/p>\n<p>Heute f\u00fchren die beiden eine \u00f6ffentliche Schlammschlacht, bei der sie sich mit schweren Vorw\u00fcrfen \u00fcberziehen. <a class=\"is-link c-block-items__link is-external c-link--rich-text-renderer\" href=\"https:\/\/www.bild.de\/regional\/nordrhein-westfalen\/julia-meck-ueber-gewalt-in-ehe-mit-jp-kraemer-ich-hatte-todesangst-6a92cfc9d88567044d8492e7\" target=\"_blank\" title=\"Link wird in einem neuen Tab ge\u00f6ffnet\" rel=\"nofollow noopener\" data-internal-tracking-enabled=\"true\" data-internal-tracking=\"{&quot;action&quot;:&quot;click&quot;,&quot;label&quot;:&quot;link&quot;,&quot;name&quot;:&quot;Inline Element&quot;,&quot;data&quot;:{&quot;source&quot;:&quot;&quot;,&quot;target&quot;:&quot;https:\/\/www.bild.de\/regional\/nordrhein-westfalen\/julia-meck-ueber-gewalt-in-ehe-mit-jp-kraemer-ich-hatte-todesangst-6a92cfc9d88567044d8492e7&quot;,&quot;trackingName&quot;:&quot;&quot;,&quot;trackingLabel&quot;:&quot;&quot;}}\">In der \u201eBild\u201c-Zeitung sprach Julia Meck von psychischem Druck, Kontrollverhalten und Streitigkeiten in der Beziehung<\/a>. \u201eIch hatte immer Angst\u201c, sagte Meck. \u201eDas ist ja ein gro\u00dfer Mann, der da auf mich zukommt. Alle paar Wochen ist es eskaliert.\u201c JP Kraemer hat sich dazu noch nicht \u00f6ffentlich ge\u00e4u\u00dfert. <\/p>\n<p>Besonders den Polizeieinsatz Ende Juli beschreibt sie als Wendepunkt. Nachdem Kraemer einger\u00e4umt hatte, seiner Frau einen Schlag mit der flachen Hand versetzt zu haben, erkl\u00e4rte Meck: \u201eDie Wahrheit ist, ich war in einer Defensiv-Situation. Ich war an der Wand eingeklemmt mit der linken Hand, sein Kopf drohend an meinem, er riss mir die Kette vom Hals und schlug mir ins Gesicht.\u201c Weiter sagte sie: \u201eIch hatte Todesangst.\u201c<\/p>\n<p>Meck hatte nach eigenen Angaben Strafantrag gestellt. Die Ermittlungsverfahren wegen K\u00f6rperverletzung seien \u201evor dem Hintergrund einer h\u00e4uslichen Auseinandersetzung\u201c jedoch eingestellt worden, weil beide Beteiligten vor Ort auf Strafantr\u00e4ge verzichtet h\u00e4tten und kein \u00f6ffentliches Interesse an der Strafverfolgung bestanden habe, teilte die Staatsanwaltschaft Dortmund auf dpa-Anfrage mit.<\/p>\n<p>Mittlerweile habe sich f\u00fcr Meck ein Rechtsanwalt gemeldet, Strafantrag gestellt und die Wiederaufnahme des Verfahrens beantragt. Wie eine Sprecherin der Staatsanwaltschaft Dortmund mitteilte, wird das Anliegen bereits gepr\u00fcft.<\/p>\n<p>R\u00fcckblickend auf die Ehe sagte das Model: \u201eIch dachte immer, wir schaffen das. Aber ich muss einsehen: Ich habe mich nie so einsam gef\u00fchlt wie in dieser Ehe.\u201c Seit der Trennung gehe es ihr viel besser: \u201eIch bin gl\u00fccklich, da rausgekommen zu sein, und bekomme langsam mein Selbstbewusstsein zur\u00fcck.\u201c<\/p>\n<p>Kraemer dagegen hatte in seinem Video geschildert, dass Meck ihn ebenfalls geschlagen habe. \u201eDie Schl\u00e4ge, die ich bekam, waren ein Vielfaches h\u00e4rter und auch mehr\u201c, rechtfertigte er sich. Als Beispiel nannte er einen Vorfall, bei dem ihm die Brille vom Gesicht geflogen sei.<\/p>\n<p>kami\/ceb<\/p>\n","protected":false},"excerpt":{"rendered":"Nach den Vorw\u00fcrfen gegen Jean Pierre Kraemer ziehen erste Unternehmen Konsequenzen. Eine BVB-Kollektion ist inzwischen aus dem Onlineshop&hellip;\n","protected":false},"author":2,"featured_media":1272076,"comment_status":"","ping_status":"","sticky":false,"template":"","format":"standard","meta":{"footnotes":"","_share_on_mastodon":"0"},"categories":[2],"tags":[69906,29,217,30,194676,13,1584,14,15,110,121,12,45,10,8,9,11],"class_list":["post-1272075","post","type-post","status-publish","format-standard","has-post-thumbnail","category-deutschland","tag-autos-ks","tag-deutschland","tag-dortmund","tag-germany","tag-gewalt-gegen-frauen-ks","tag-headlines","tag-kriminalitaet","tag-nachrichten","tag-news","tag-newsteam","tag-polizei","tag-schlagzeilen","tag-texttospeech","tag-top-news","tag-top-meldungen","tag-topmeldungen","tag-topnews"],"share_on_mastodon":{"url":"","error":""},"_links":{"self":[{"href":"https:\/\/www.europesays.com\/de\/wp-json\/wp\/v2\/posts\/1272075","targetHints":{"allow":["GET"]}}],"collection":[{"href":"https:\/\/www.europesays.com\/de\/wp-json\/wp\/v2\/posts"}],"about":[{"href":"https:\/\/www.europesays.com\/de\/wp-json\/wp\/v2\/types\/post"}],"author":[{"embeddable":true,"href":"https:\/\/www.europesays.com\/de\/wp-json\/wp\/v2\/users\/2"}],"replies":[{"embeddable":true,"href":"https:\/\/www.europesays.com\/de\/wp-json\/wp\/v2\/comments?post=1272075"}],"version-history":[{"count":0,"href":"https:\/\/www.europesays.com\/de\/wp-json\/wp\/v2\/posts\/1272075\/revisions"}],"wp:featuredmedia":[{"embeddable":true,"href":"https:\/\/www.europesays.com\/de\/wp-json\/wp\/v2\/media\/1272076"}],"wp:attachment":[{"href":"https:\/\/www.europesays.com\/de\/wp-json\/wp\/v2\/media?parent=1272075"}],"wp:term":[{"taxonomy":"category","embeddable":true,"href":"https:\/\/www.europesays.com\/de\/wp-json\/wp\/v2\/categories?post=1272075"},{"taxonomy":"post_tag","embeddable":true,"href":"https:\/\/www.europesays.com\/de\/wp-json\/wp\/v2\/tags?post=1272075"}],"curies":[{"name":"wp","href":"https:\/\/api.w.org\/{rel}","templated":true}]}}