{"id":1272078,"date":"2026-08-31T16:25:14","date_gmt":"2026-08-31T16:25:14","guid":{"rendered":"https:\/\/www.europesays.com\/de\/1272078\/"},"modified":"2026-08-31T16:25:14","modified_gmt":"2026-08-31T16:25:14","slug":"aktuelle-nachrichten-heute-in-halle-das-ist-der-podcast-mit-den-schlagzeilen-von-montag-31-august","status":"publish","type":"post","link":"https:\/\/www.europesays.com\/de\/1272078\/","title":{"rendered":"Aktuelle Nachrichten: Heute in Halle: Das ist der Podcast mit den Schlagzeilen von Montag, 31. August"},"content":{"rendered":"<p class=\"fp-paragraph\"><strong>Halle (Saale)\/MZ.<\/strong>\u00a0&#8211; Mit unserem neuen Podcast \u201eHeute in Halle\u201c liefern wir Ihnen t\u00e4glich \u2013 von Montag bis Sonntag \u2013 die wichtigsten Infos des Tages direkt aufs Ohr: kompakt, verst\u00e4ndlich und auf den Punkt gebracht.<\/p>\n<p class=\"fp-paragraph\">Egal ob auf dem Heimweg, im Auto, beim Kochen oder beim Spaziergang am Abend \u2013 unser Podcast begleitet Sie mit allem, was in Halle und der Umgebung passiert ist.\u00a0<\/p>\n<p class=\"fp-paragraph\">Hier fassen wir f\u00fcr Sie die News des Tages zusammen \u2013 von unseren Reporterinnen und Reportern recherchiert und anschlie\u00dfend von einer KI zusammengestellt.<\/p>\n<p class=\"fp-paragraph\">In nur etwa f\u00fcnf Minuten sind Sie bestens informiert: Was war, was ist, und was morgen wichtig wird.<\/p>\n<p class=\"fp-paragraph\">\ud83c\udfa7 Jetzt reinh\u00f6ren \u2013 t\u00e4glich auf allen g\u00e4ngigen Podcast-Plattformen und nat\u00fcrlich hier auf unserem Portal.<\/p>\n","protected":false},"excerpt":{"rendered":"Halle (Saale)\/MZ.\u00a0&#8211; Mit unserem neuen Podcast \u201eHeute in Halle\u201c liefern wir Ihnen t\u00e4glich \u2013 von Montag bis Sonntag&hellip;\n","protected":false},"author":2,"featured_media":638141,"comment_status":"","ping_status":"","sticky":false,"template":"","format":"standard","meta":{"footnotes":"","_share_on_mastodon":"0"},"categories":[1860],"tags":[3364,29,548,663,3934,30,4062,17332,13,14,15,17331,860,12],"class_list":["post-1272078","post","type-post","status-publish","format-standard","has-post-thumbnail","category-halle-saale","tag-de","tag-deutschland","tag-eu","tag-europa","tag-europe","tag-germany","tag-halle","tag-halle-saale","tag-headlines","tag-nachrichten","tag-news","tag-saale","tag-sachsen-anhalt","tag-schlagzeilen"],"share_on_mastodon":{"url":"https:\/\/pubeurope.com\/@de\/117191057318520164","error":""},"_links":{"self":[{"href":"https:\/\/www.europesays.com\/de\/wp-json\/wp\/v2\/posts\/1272078","targetHints":{"allow":["GET"]}}],"collection":[{"href":"https:\/\/www.europesays.com\/de\/wp-json\/wp\/v2\/posts"}],"about":[{"href":"https:\/\/www.europesays.com\/de\/wp-json\/wp\/v2\/types\/post"}],"author":[{"embeddable":true,"href":"https:\/\/www.europesays.com\/de\/wp-json\/wp\/v2\/users\/2"}],"replies":[{"embeddable":true,"href":"https:\/\/www.europesays.com\/de\/wp-json\/wp\/v2\/comments?post=1272078"}],"version-history":[{"count":0,"href":"https:\/\/www.europesays.com\/de\/wp-json\/wp\/v2\/posts\/1272078\/revisions"}],"wp:featuredmedia":[{"embeddable":true,"href":"https:\/\/www.europesays.com\/de\/wp-json\/wp\/v2\/media\/638141"}],"wp:attachment":[{"href":"https:\/\/www.europesays.com\/de\/wp-json\/wp\/v2\/media?parent=1272078"}],"wp:term":[{"taxonomy":"category","embeddable":true,"href":"https:\/\/www.europesays.com\/de\/wp-json\/wp\/v2\/categories?post=1272078"},{"taxonomy":"post_tag","embeddable":true,"href":"https:\/\/www.europesays.com\/de\/wp-json\/wp\/v2\/tags?post=1272078"}],"curies":[{"name":"wp","href":"https:\/\/api.w.org\/{rel}","templated":true}]}}