{"id":1272079,"date":"2026-08-31T16:26:30","date_gmt":"2026-08-31T16:26:30","guid":{"rendered":"https:\/\/www.europesays.com\/de\/1272079\/"},"modified":"2026-08-31T16:26:30","modified_gmt":"2026-08-31T16:26:30","slug":"neubau-fuer-institut-der-chemie-rwth-aachen-startet","status":"publish","type":"post","link":"https:\/\/www.europesays.com\/de\/1272079\/","title":{"rendered":"Neubau f\u00fcr Institut der Chemie RWTH Aachen startet"},"content":{"rendered":"<p class=\"text small\">In dem neuen Geb\u00e4ude soll dann an neuen Energietechniken, Medikamenten und Diagnoseverfahren geforscht werden. Auch mehrere gro\u00dfe Forschungsverb\u00fcnde der RWTH sollen den Campus nutzen. Dort werden nach den Pl\u00e4nen dann neben eine H\u00f6rsal und B\u00fcros auch Labore und andere Arbeitsr\u00e4ume untergebracht sein. Der f\u00fcnfgeschossige Bau bietet in Zukunft auf rund 2.200 Quadratmetern Platz daf\u00fcr.<\/p>\n<p class=\"text small\">Am Montag erfolgte dann der erste symbolische Spatenstich als Startschuss f\u00fcr den Neubau. Mit dabei waren Wissenschaftsministerin Ina Brandes, Aachens B\u00fcrgermeister Dr. Michael Ziemons, RWTH-Rektor Ulrich R\u00fcdiger und BLB-NRW-Gesch\u00e4ftsf\u00fchrerin Gabriele Willems. Das Land Nordrhein-Westfalen investiert rund 30,6 Millionen Euro in das Projekt und tr\u00e4gt damit etwa die H\u00e4lfte der insgesamt 62,2 Millionen Euro Baukosten \u2013 ein klares Bekenntnis zum Forschungsstandort Aachen. Aber was soll hier genau entstehen?<\/p>\n<p><img decoding=\"async\" src=\"https:\/\/www.europesays.com\/de\/wp-content\/uploads\/2026\/08\/rwth-aachen-neubau-chemie-spatenstich-100~_v-TeaserAufmacher.jpg\" alt=\"Erster Spatenstich f\u00fcr den Chemie-Neubau mit Julia Kl\u00f6ckner und Aachens OB Michael Ziemons\" width=\"512\" title=\"Erster Spatenstich f\u00fcr den Chemie-Neubau mit Julia Kl\u00f6ckner und Aachens OB Michael Ziemons | Bildquelle: WDR \/ Julia K\u00fcppers\" loading=\"lazy\" class=\"img\" height=\"288\"\/><\/p>\n<p class=\"infotext\">\nErster Spatenstich f\u00fcr den geplanten Chemieneubau am der RWTH Aachen\n<\/p>\n<p>Bildquelle: WDR \/ Julia K\u00fcppers<\/p>\n<p>F\u00fcnf Etagen Glasfassage und gro\u00dfe Freitreppe f\u00fcr RWTH Bau<\/p>\n<p class=\"text small\">Auff\u00e4llig sind eine bunte Glasfassade und eine gro\u00dfe Freitreppe im Inneren. Beim Bau werden besonders klimafreundliche Materialien eingesetzt, etwa zementarme Betone und Stahl aus recyceltem Schrott. Eine Solaranlage auf dem Dach soll so viel Strom erzeugen wie etwa zehn durchschnittliche Haushalte im Jahr verbrauchen. <\/p>\n","protected":false},"excerpt":{"rendered":"In dem neuen Geb\u00e4ude soll dann an neuen Energietechniken, Medikamenten und Diagnoseverfahren geforscht werden. Auch mehrere gro\u00dfe Forschungsverb\u00fcnde&hellip;\n","protected":false},"author":2,"featured_media":1272080,"comment_status":"","ping_status":"","sticky":false,"template":"","format":"standard","meta":{"footnotes":"","_share_on_mastodon":"0"},"categories":[1853],"tags":[1424,3364,29,548,663,3934,30,13,14,15,1209,12],"class_list":["post-1272079","post","type-post","status-publish","format-standard","has-post-thumbnail","category-aachen","tag-aachen","tag-de","tag-deutschland","tag-eu","tag-europa","tag-europe","tag-germany","tag-headlines","tag-nachrichten","tag-news","tag-nordrhein-westfalen","tag-schlagzeilen"],"share_on_mastodon":{"url":"https:\/\/pubeurope.com\/@de\/117191062940663562","error":""},"_links":{"self":[{"href":"https:\/\/www.europesays.com\/de\/wp-json\/wp\/v2\/posts\/1272079","targetHints":{"allow":["GET"]}}],"collection":[{"href":"https:\/\/www.europesays.com\/de\/wp-json\/wp\/v2\/posts"}],"about":[{"href":"https:\/\/www.europesays.com\/de\/wp-json\/wp\/v2\/types\/post"}],"author":[{"embeddable":true,"href":"https:\/\/www.europesays.com\/de\/wp-json\/wp\/v2\/users\/2"}],"replies":[{"embeddable":true,"href":"https:\/\/www.europesays.com\/de\/wp-json\/wp\/v2\/comments?post=1272079"}],"version-history":[{"count":0,"href":"https:\/\/www.europesays.com\/de\/wp-json\/wp\/v2\/posts\/1272079\/revisions"}],"wp:featuredmedia":[{"embeddable":true,"href":"https:\/\/www.europesays.com\/de\/wp-json\/wp\/v2\/media\/1272080"}],"wp:attachment":[{"href":"https:\/\/www.europesays.com\/de\/wp-json\/wp\/v2\/media?parent=1272079"}],"wp:term":[{"taxonomy":"category","embeddable":true,"href":"https:\/\/www.europesays.com\/de\/wp-json\/wp\/v2\/categories?post=1272079"},{"taxonomy":"post_tag","embeddable":true,"href":"https:\/\/www.europesays.com\/de\/wp-json\/wp\/v2\/tags?post=1272079"}],"curies":[{"name":"wp","href":"https:\/\/api.w.org\/{rel}","templated":true}]}}