{"id":1272081,"date":"2026-08-31T16:28:21","date_gmt":"2026-08-31T16:28:21","guid":{"rendered":"https:\/\/www.europesays.com\/de\/1272081\/"},"modified":"2026-08-31T16:28:21","modified_gmt":"2026-08-31T16:28:21","slug":"vanessa-mai-in-kiel-2026-saengerin-startet-hier-ihre-neue-tour","status":"publish","type":"post","link":"https:\/\/www.europesays.com\/de\/1272081\/","title":{"rendered":"Vanessa Mai in Kiel 2026: S\u00e4ngerin startet hier ihre neue Tour"},"content":{"rendered":"<p>Konzertreihe ab September 2026 <\/p>\n<p>Vanessa Mai startet &#8222;Traumfabrik Tour&#8220; in Kiel<\/p>\n<p>31.08.2026 &#8211; 16:00 UhrLesedauer: 1 Min.<\/p>\n<p><a href=\"#focus-0\" class=\"transition-colors block text-current relative\" data-sctrack=\"FocusGalleryImage.Reference\"><img fetchpriority=\"high\" data-testid=\"Opener.Image\"   loading=\"eager\" src=\"https:\/\/www.europesays.com\/de\/wp-content\/uploads\/2026\/08\/vanessa-mai-live-bei-einem-konzert-auf-dem-waltroper-parkfest-2026-im-stadtpark-waltrop-29-082026-va.jpeg\" alt=\"imago images 0865288589\" title=\"imago images 0865288589\" width=\"4724\" height=\"2657\" class=\"bg-[url:var(--lqipURL)] bg-cover bg-center flex h-full w-full max-w-full\" style=\"--lqipURL:url('https:\/\/images.t-online.de\/2026\/08\/ECqhbvo1hjR9\/0x242:4724x2657\/fit-in\/150x0\/filters:blur(25)\/vanessa-mai-live-bei-einem-konzert-auf-dem-waltroper-parkfest-2026-im-stadtpark-waltrop-29-082026-vanessa-mai-performing-live-at-a-concert-at-the-2026-waltroper-parkfest-in-waltrop-city-park-august-29-2026-foto-xt-xschroeerx-xfutureximagex-mai-6830.jpg')\" decoding=\"async\"\/><img loading=\"lazy\" src=\"https:\/\/www.t-online.de\/s\/paper\/_next\/static\/media\/zoom-in.f7dae02f.svg\" alt=\"Vergr\u00f6\u00dfern des Bildes\" title=\"Vergr\u00f6\u00dfern des Bildes\" class=\"block h-[calc(var(--height)_\/_16_*_1rem)] w-[calc(var(--width)_\/_16_*_1rem)] max-w-none absolute right-8 bottom-8 rounded-4 bg-snow p-8\" style=\"--width:32;--height:32\" decoding=\"async\"\/><\/a><\/p>\n<p>Vanessa Mai live bei einem Konzert (Archivbild): Ihre neue Tour beginnt im September in Kiel. (Quelle: IMAGO\/Thomas Schr\u00f6er\/imago)<\/p>\n<p><img loading=\"lazy\" src=\"https:\/\/www.t-online.de\/s\/paper\/_next\/static\/media\/audio-volume.6689034c.svg\" alt=\"\" title=\"\" class=\"block h-[calc(var(--height)_\/_16_*_1rem)] w-[calc(var(--width)_\/_16_*_1rem)] max-w-none group-hover:brightness-0 group-hover:invert\" style=\"--width:16;--height:16\" decoding=\"async\"\/>Vorlesen<\/p>\n<p>Aktuelle Zeit:0:00Gesamtdauer:0:00<\/p>\n<p>1x<img loading=\"lazy\" src=\"https:\/\/www.t-online.de\/s\/paper\/_next\/static\/media\/font-sizes.32942e33.svg\" alt=\"\" title=\"\" class=\"block h-[calc(var(--height)_\/_16_*_1rem)] w-[calc(var(--width)_\/_16_*_1rem)] max-w-none group-hover:hidden group-aria-expanded:hidden\" style=\"--width:16;--height:16\" decoding=\"async\"\/><img loading=\"lazy\" src=\"https:\/\/www.t-online.de\/s\/paper\/_next\/static\/media\/font-sizes-dark-mode.e382645c.svg\" alt=\"\" title=\"\" class=\"block h-[calc(var(--height)_\/_16_*_1rem)] w-[calc(var(--width)_\/_16_*_1rem)] max-w-none hidden group-hover:block group-aria-expanded:block\" style=\"--width:16;--height:16\" decoding=\"async\"\/><img loading=\"lazy\" src=\"https:\/\/www.t-online.de\/s\/paper\/_next\/static\/media\/sharing-menu-icon.1eb71368.svg\" alt=\"\" title=\"\" class=\"block h-[calc(var(--height)_\/_16_*_1rem)] w-[calc(var(--width)_\/_16_*_1rem)] max-w-none group-hover:brightness-0 group-hover:invert\" style=\"--width:16;--height:16\" decoding=\"async\"\/>Artikel teilen<\/p>\n<p class=\"font-bold text-18 leading-17 user-text-lg:text-22 user-text-xl:text-24\"><strong class=\"font-bold\">Vanessa Mai beginnt ihre neue Tour im September in Kiel. F\u00fcr die S\u00e4ngerin ist es zugleich eine Premiere hinter den Kulissen.<\/strong><\/p>\n<p class=\"text-18 leading-17 user-text-lg:text-22 user-text-xl:text-24\">Kiel wird zur ersten Station der neuen Tour von Vanessa Mai. Die S\u00e4ngerin tritt am Donnerstag, 17. September, in der TraumGmbH auf. In ihrem offiziellen Tourkalender ist Kiel der erste Termin der &#8222;Traumfabrik Tour 2026&#8220;, einen Tag sp\u00e4ter folgt Bremen.<\/p>\n<p class=\"text-18 leading-17 user-text-lg:text-22 user-text-xl:text-24\">Das Konzert beginnt um 19 Uhr und findet in Halle 1 der TraumGmbH statt. Karten sind \u00fcber Mais offiziellen Ticketshop derzeit f\u00fcr 56 Euro erh\u00e4ltlich.<\/p>\n<p>Vanessa Mai \u00fcbernimmt bei Tour neue Rolle<\/p>\n<p class=\"text-18 leading-17 user-text-lg:text-22 user-text-xl:text-24\">Der Tourauftakt ist f\u00fcr Mai auch organisatorisch besonders. Nach Angaben des Kieler Veranstaltungsortes geht sie erstmals mit ihrer eigenen Plattform MaiLive selbst als Tourveranstalterin auf Tour. Die S\u00e4ngerin \u00fcbernimmt damit nicht nur die Rolle auf der B\u00fchne, sondern organisiert ihre Konzertreihe \u00fcber die eigene Struktur.<\/p>\n<p class=\"text-18 leading-17 user-text-lg:text-22 user-text-xl:text-24\">Insgesamt sind f\u00fcr die &#8222;Traumfabrik Tour&#8220; zahlreiche Auftritte im September und Oktober angek\u00fcndigt. Nach Kiel folgen unter anderem Bremen, M\u00fcnster und Bielefeld. Sp\u00e4ter stehen K\u00f6ln, M\u00fcnchen, Berlin, Dresden, N\u00fcrnberg, Stuttgart und Hamburg auf dem Plan.<\/p>\n","protected":false},"excerpt":{"rendered":"Konzertreihe ab September 2026 Vanessa Mai startet &#8222;Traumfabrik Tour&#8220; in Kiel 31.08.2026 &#8211; 16:00 UhrLesedauer: 1 Min. Vanessa&hellip;\n","protected":false},"author":2,"featured_media":1272082,"comment_status":"","ping_status":"","sticky":false,"template":"","format":"standard","meta":{"footnotes":"","_share_on_mastodon":"0"},"categories":[1852],"tags":[722,2420,3364,29,548,663,3934,30,13,4949,70419,95899,14,15,12,1971,152382,34672],"class_list":["post-1272081","post","type-post","status-publish","format-standard","has-post-thumbnail","category-kiel","tag-722","tag-bremen","tag-de","tag-deutschland","tag-eu","tag-europa","tag-europe","tag-germany","tag-headlines","tag-kiel","tag-konzertreihe","tag-mais","tag-nachrichten","tag-news","tag-schlagzeilen","tag-schleswig-holstein","tag-traumfabrik","tag-vanessa-mai"],"share_on_mastodon":{"url":"","error":""},"_links":{"self":[{"href":"https:\/\/www.europesays.com\/de\/wp-json\/wp\/v2\/posts\/1272081","targetHints":{"allow":["GET"]}}],"collection":[{"href":"https:\/\/www.europesays.com\/de\/wp-json\/wp\/v2\/posts"}],"about":[{"href":"https:\/\/www.europesays.com\/de\/wp-json\/wp\/v2\/types\/post"}],"author":[{"embeddable":true,"href":"https:\/\/www.europesays.com\/de\/wp-json\/wp\/v2\/users\/2"}],"replies":[{"embeddable":true,"href":"https:\/\/www.europesays.com\/de\/wp-json\/wp\/v2\/comments?post=1272081"}],"version-history":[{"count":0,"href":"https:\/\/www.europesays.com\/de\/wp-json\/wp\/v2\/posts\/1272081\/revisions"}],"wp:featuredmedia":[{"embeddable":true,"href":"https:\/\/www.europesays.com\/de\/wp-json\/wp\/v2\/media\/1272082"}],"wp:attachment":[{"href":"https:\/\/www.europesays.com\/de\/wp-json\/wp\/v2\/media?parent=1272081"}],"wp:term":[{"taxonomy":"category","embeddable":true,"href":"https:\/\/www.europesays.com\/de\/wp-json\/wp\/v2\/categories?post=1272081"},{"taxonomy":"post_tag","embeddable":true,"href":"https:\/\/www.europesays.com\/de\/wp-json\/wp\/v2\/tags?post=1272081"}],"curies":[{"name":"wp","href":"https:\/\/api.w.org\/{rel}","templated":true}]}}