{"id":1272083,"date":"2026-08-31T16:29:17","date_gmt":"2026-08-31T16:29:17","guid":{"rendered":"https:\/\/www.europesays.com\/de\/1272083\/"},"modified":"2026-08-31T16:29:17","modified_gmt":"2026-08-31T16:29:17","slug":"re-6-mit-verspaetungen-bis-in-den-abend","status":"publish","type":"post","link":"https:\/\/www.europesays.com\/de\/1272083\/","title":{"rendered":"RE 6 mit Versp\u00e4tungen bis in den Abend"},"content":{"rendered":"<p class=\"text text--s\">\n\t\t\t\tFreie Presse bei Google bevorzugen\n\t\t\t<\/p>\n<p class=\"bold\">\n\t\t\t\t\t\t\t\t\t\tMittags kollidierte ein Fahrzeug der RE-6-Flotte mit einem umgefallenen Baum. Daher kommt es auf der Strecke zwischen Chemnitz und Leipzig zeitweise zu Schienenersatzverkehr und Versp\u00e4tungen.\t\t\t\t<\/p>\n<p>\t\t\t\t Gegen Mittag ist ein Zug der Linie RE 6, der zwischen Chemnitz und Leipzig verkehrt, mit einem umgefallenen Baum zusammengesto\u00dfen. Daher kommt es auf der Strecke derzeit zu Versp\u00e4tungen und Schienenersatzverkehr. Bei dem Unfall gab es keine Verletzten, lediglich Sch\u00e4den an der Lok. Die Strecke zwischen Narsdorf und Burgst\u00e4dt ist derzeit&#8230;<\/p>\n<p>\t\t<img decoding=\"async\" loading=\"lazy\" class=\"fp-plus-logo\" src=\"https:\/\/www.freiepresse.de\/img\/fpplus.svg\" alt=\"Freie Presse plus Logo\"\/><\/p>\n<p>6 Wochen gratis lesen.<\/p>\n<p> Alle Artikel im Web und in der App frei<\/p>\n<p> Zugriff auf die digitale Zeitung<\/p>\n<p> T\u00e4glicher Newsletter f\u00fcr Ihre Region<\/p>\n<p>Sie haben bereits ein Digitalabo?<\/p>\n","protected":false},"excerpt":{"rendered":"Freie Presse bei Google bevorzugen Mittags kollidierte ein Fahrzeug der RE-6-Flotte mit einem umgefallenen Baum. Daher kommt es&hellip;\n","protected":false},"author":2,"featured_media":1272084,"comment_status":"","ping_status":"","sticky":false,"template":"","format":"standard","meta":{"footnotes":"","_share_on_mastodon":"0"},"categories":[1851],"tags":[1739,2770,3364,29,548,663,3934,30,13,14,15,859,12],"class_list":["post-1272083","post","type-post","status-publish","format-standard","has-post-thumbnail","category-chemnitz","tag-bahn","tag-chemnitz","tag-de","tag-deutschland","tag-eu","tag-europa","tag-europe","tag-germany","tag-headlines","tag-nachrichten","tag-news","tag-sachsen","tag-schlagzeilen"],"share_on_mastodon":{"url":"https:\/\/pubeurope.com\/@de\/117191074837159472","error":""},"_links":{"self":[{"href":"https:\/\/www.europesays.com\/de\/wp-json\/wp\/v2\/posts\/1272083","targetHints":{"allow":["GET"]}}],"collection":[{"href":"https:\/\/www.europesays.com\/de\/wp-json\/wp\/v2\/posts"}],"about":[{"href":"https:\/\/www.europesays.com\/de\/wp-json\/wp\/v2\/types\/post"}],"author":[{"embeddable":true,"href":"https:\/\/www.europesays.com\/de\/wp-json\/wp\/v2\/users\/2"}],"replies":[{"embeddable":true,"href":"https:\/\/www.europesays.com\/de\/wp-json\/wp\/v2\/comments?post=1272083"}],"version-history":[{"count":0,"href":"https:\/\/www.europesays.com\/de\/wp-json\/wp\/v2\/posts\/1272083\/revisions"}],"wp:featuredmedia":[{"embeddable":true,"href":"https:\/\/www.europesays.com\/de\/wp-json\/wp\/v2\/media\/1272084"}],"wp:attachment":[{"href":"https:\/\/www.europesays.com\/de\/wp-json\/wp\/v2\/media?parent=1272083"}],"wp:term":[{"taxonomy":"category","embeddable":true,"href":"https:\/\/www.europesays.com\/de\/wp-json\/wp\/v2\/categories?post=1272083"},{"taxonomy":"post_tag","embeddable":true,"href":"https:\/\/www.europesays.com\/de\/wp-json\/wp\/v2\/tags?post=1272083"}],"curies":[{"name":"wp","href":"https:\/\/api.w.org\/{rel}","templated":true}]}}