{"id":12721,"date":"2025-04-07T09:43:13","date_gmt":"2025-04-07T09:43:13","guid":{"rendered":"https:\/\/www.europesays.com\/de\/12721\/"},"modified":"2025-04-07T09:43:13","modified_gmt":"2025-04-07T09:43:13","slug":"pflegeheimgruppe-ist-insolvent-tausende-mitarbeiter-betroffen","status":"publish","type":"post","link":"https:\/\/www.europesays.com\/de\/12721\/","title":{"rendered":"Pflegeheimgruppe ist insolvent \u2013 tausende Mitarbeiter betroffen"},"content":{"rendered":"<p>Mehr als 40 Einrichtungen bundesweit <\/p>\n<p>Deutsche Pflegeheimgruppe ist insolvent \u2013 tausende Mitarbeiter betroffen<\/p>\n<p>Aktualisiert am 07.04.2025 &#8211; 08:14 UhrLesedauer: 2 Min.<\/p>\n<p><a href=\"#focus-0\" class=\"transition-colors duration-200 focus-within:text-magenta block text-current relative\" data-sctrack=\"FocusGalleryImage.Reference\"><img fetchpriority=\"high\" data-testid=\"Opener.Image\" style=\"--lqipURL:url('https:\/\/images.t-online.de\/2025\/04\/1F32v7S7GKqc\/0x200:2048x1152\/fit-in\/150x0\/filters:blur(25)\/pflegeheim-symbolbild-eine-frau-haelt-die-hand-einer-pflegebeduerftigen.jpg')\"   loading=\"eager\" src=\"https:\/\/www.europesays.com\/de\/wp-content\/uploads\/2025\/04\/pflegeheim-symbolbild-eine-frau-haelt-die-hand-einer-pflegebeduerftigen.jpg\" alt=\"Pflegeheim (Symbolbild): Eine Frau h\u00e4lt die Hand einer Pflegebed\u00fcrftigen.\" title=\"Pflegeheim (Symbolbild): Eine Frau h\u00e4lt die Hand einer Pflegebed\u00fcrftigen.\" width=\"2048\" height=\"1152\" class=\"bg-[url:var(--lqipURL)] bg-cover bg-center flex w-full max-w-full h-full\" decoding=\"async\"\/><img style=\"--width:32;--height:32\" loading=\"lazy\" src=\"https:\/\/www.europesays.com\/de\/wp-content\/uploads\/2025\/03\/zoom-in.f7dae02f.svg.svg+xml\" alt=\"Vergr\u00f6\u00dfern des Bildes\" title=\"Vergr\u00f6\u00dfern des Bildes\" class=\"&#10;        block&#10;        h-[calc(var(--height)_\/_16_*_1rem)]&#10;        w-[calc(var(--width)_\/_16_*_1rem)]&#10;        max-w-none&#10;        absolute bottom-8 right-8 rounded-4 bg-snow p-8\" decoding=\"async\"\/><\/a><\/p>\n<p>Pflegeheim (Symbolbild): Eine Frau h\u00e4lt die Hand einer Pflegebed\u00fcrftigen. (Quelle: Paul Zinken)<\/p>\n<p class=\"font-bold text-18 leading-17\">Die Argentum Pflegegruppe mit \u00fcber 40 Einrichtungen ist insolvent. Ein umfassendes Sanierungsverfahren soll den Fortbestand der Versorgung sichern.<\/p>\n<p class=\"text-18 leading-17\">Die Argentum Pflegegruppe hat ein Insolvenzverfahren beantragt. Nach Angaben des Unternehmens hat das Amtsgericht Bad Homburg diesem Schritt am 1. April zugestimmt und eine vorl\u00e4ufige Eigenverwaltung angeordnet, wie das Portal &#8222;Care vor 9&#8220; berichtet.<\/p>\n<p class=\"text-18 leading-17\">Die Argentum Pflegegruppe z\u00e4hlt mit rund 2.800 Besch\u00e4ftigten und \u00fcber 40 Einrichtungen bundesweit zu den gr\u00f6\u00dferen Anbietern im Bereich der station\u00e4ren und ambulanten Seniorenpflege. Etwa 3.100 Menschen werden dort aktuell betreut.<\/p>\n<p class=\"text-18 leading-17\">Das Sanierungsverfahren betrifft alle vier Holdinggesellschaften des Konzerns. Ziel sei es, den Gesch\u00e4ftsbetrieb neu zu strukturieren. Dieser soll zun\u00e4chst uneingeschr\u00e4nkt fortgef\u00fchrt werden. Zum vorl\u00e4ufigen Sachwalter wurde der Sanierungsanwalt Lucas Fl\u00f6ther bestellt. Ihm obliegt die Aufgabe, die Gesch\u00e4ftsf\u00fchrung w\u00e4hrend der Sanierung zu \u00fcberwachen und die Interessen der Gl\u00e4ubiger zu sichern.<\/p>\n<p class=\"text-18 leading-17\">Zur Umsetzung der Neuausrichtung hat Argentum mehrere Experten der Wirtschaftskanzlei K&amp;L Gates in die Gesch\u00e4ftsf\u00fchrung geholt. Die Partner Georg Bernsau und Nadja Rai\u00df sowie der Restrukturierungsexperte Ansgar Schr\u00f6der wurden zu Sanierungsgesch\u00e4ftsf\u00fchrern ernannt. Bernsau k\u00fcndigte an, &#8222;in den kommenden Wochen Gespr\u00e4che mit allen wesentlichen Beteiligten&#8220; zu f\u00fchren, um darauf aufbauend ein Konzept zur Zukunft des Unternehmens zu erarbeiten.<\/p>\n<p class=\"text-18 leading-17\">Vor der <a class=\"transition-colors duration-200 cursor-pointer text-inherit no-underline text-salemsfur md:hover:text-magenta md:hover:border-magenta md:focus:text-magenta border-current border-b border-solid break-words\" href=\"https:\/\/www.t-online.de\/themen\/insolvenz\/\" data-sctrack=\"BodyAnchor\" target=\"_blank\" rel=\"noopener\">Insolvenz<\/a> wurde das Unternehmen von drei Gesch\u00e4ftsf\u00fchrern geleitet: Jens Brettschneider, zust\u00e4ndig f\u00fcr das operative Gesch\u00e4ft, Michael Dillmann als Finanzchef sowie Volker Robert Hippler.<\/p>\n<p class=\"text-18 leading-17\">Als Gr\u00fcnde f\u00fcr die wirtschaftliche Schieflage verweist Argentum auf strukturelle Probleme der gesamten Pflegebranche. Genannt werden unter anderem der Fachkr\u00e4ftemangel, hohe Betriebskosten, b\u00fcrokratische Belastungen sowie eine unzureichende Finanzierung.<\/p>\n<p class=\"text-18 leading-17\">Nicht alle Unternehmensteile k\u00f6nnen im Schutzschirmverfahren fortgef\u00fchrt werden. F\u00fcr einige Tochtergesellschaften \u2013 darunter die Einrichtungen in <a class=\"transition-colors duration-200 cursor-pointer text-inherit no-underline text-salemsfur md:hover:text-magenta md:hover:border-magenta md:focus:text-magenta border-current border-b border-solid break-words\" href=\"https:\/\/www.t-online.de\/themen\/erbach\/\" data-sctrack=\"BodyAnchor\" target=\"_blank\" rel=\"noopener\">Erbach<\/a> und Bad K\u00f6nig \u2013 sei ein regul\u00e4res Insolvenzverfahren notwendig, da die rechtlichen und wirtschaftlichen Voraussetzungen f\u00fcr eine Eigenverwaltung nicht gegeben seien. Andere operative Gesellschaften sollen weiterhin au\u00dferhalb eines Verfahrens bestehen bleiben.<\/p>\n","protected":false},"excerpt":{"rendered":"Mehr als 40 Einrichtungen bundesweit Deutsche Pflegeheimgruppe ist insolvent \u2013 tausende Mitarbeiter betroffen Aktualisiert am 07.04.2025 &#8211; 08:14&hellip;\n","protected":false},"author":2,"featured_media":12722,"comment_status":"","ping_status":"","sticky":false,"template":"","format":"standard","meta":{"footnotes":""},"categories":[134],"tags":[722,326,454,1601,9123,9127,175,170,169,29,9128,9126,30,1551,793,171,174,9124,9122,9125,173,172],"class_list":{"0":"post-12721","1":"post","2":"type-post","3":"status-publish","4":"format-standard","5":"has-post-thumbnail","7":"category-unternehmen-maerkte","8":"tag-722","9":"tag-326","10":"tag-454","11":"tag-amtsgericht","12":"tag-argentum","13":"tag-bad-homburg","14":"tag-business","15":"tag-companies","16":"tag-companies-markets","17":"tag-deutschland","18":"tag-fortbestand","19":"tag-georg-bernsau","20":"tag-germany","21":"tag-insolvenz","22":"tag-insolvenzverfahren","23":"tag-markets","24":"tag-maerkte","25":"tag-pflegegruppe","26":"tag-pflegeheimgruppe","27":"tag-sanierungsverfahren","28":"tag-unternehmen","29":"tag-unternehmen-maerkte"},"share_on_mastodon":{"url":"https:\/\/pubeurope.com\/@de\/114296036003578571","error":""},"_links":{"self":[{"href":"https:\/\/www.europesays.com\/de\/wp-json\/wp\/v2\/posts\/12721","targetHints":{"allow":["GET"]}}],"collection":[{"href":"https:\/\/www.europesays.com\/de\/wp-json\/wp\/v2\/posts"}],"about":[{"href":"https:\/\/www.europesays.com\/de\/wp-json\/wp\/v2\/types\/post"}],"author":[{"embeddable":true,"href":"https:\/\/www.europesays.com\/de\/wp-json\/wp\/v2\/users\/2"}],"replies":[{"embeddable":true,"href":"https:\/\/www.europesays.com\/de\/wp-json\/wp\/v2\/comments?post=12721"}],"version-history":[{"count":0,"href":"https:\/\/www.europesays.com\/de\/wp-json\/wp\/v2\/posts\/12721\/revisions"}],"wp:featuredmedia":[{"embeddable":true,"href":"https:\/\/www.europesays.com\/de\/wp-json\/wp\/v2\/media\/12722"}],"wp:attachment":[{"href":"https:\/\/www.europesays.com\/de\/wp-json\/wp\/v2\/media?parent=12721"}],"wp:term":[{"taxonomy":"category","embeddable":true,"href":"https:\/\/www.europesays.com\/de\/wp-json\/wp\/v2\/categories?post=12721"},{"taxonomy":"post_tag","embeddable":true,"href":"https:\/\/www.europesays.com\/de\/wp-json\/wp\/v2\/tags?post=12721"}],"curies":[{"name":"wp","href":"https:\/\/api.w.org\/{rel}","templated":true}]}}