{"id":1272105,"date":"2026-08-31T16:41:23","date_gmt":"2026-08-31T16:41:23","guid":{"rendered":"https:\/\/www.europesays.com\/de\/1272105\/"},"modified":"2026-08-31T16:41:23","modified_gmt":"2026-08-31T16:41:23","slug":"toedlicher-vorfall-auf-der-a2-bei-bielefeld-sperrung-aufgehoben-stau-hat-sich-aufgeloest","status":"publish","type":"post","link":"https:\/\/www.europesays.com\/de\/1272105\/","title":{"rendered":"T\u00f6dlicher Vorfall auf der A2 bei Bielefeld: Sperrung aufgehoben \u2013 Stau hat sich aufgel\u00f6st"},"content":{"rendered":"<p id=\"absatz1\" class=\"em_text\">Bielefeld-Altenhagen. Ersthelfer mussten nach einem Unfall mit einem Sattelzug auf der A2 bei Bielefeld den 47-j\u00e4hrigen Fahrer aus dem Fahrzeug befreien. Der Mann aus Bad Oeynhausen musste umgehend reanimiert werden und ins Krankenhaus gefahren werden. Dort verloren die \u00c4rzte den Kampf um sein Leben.<\/p>\n<p id=\"absatz2\" class=\"em_text\">Entgegen ersten Meldungen, dass sein Lkw die Mittelleitplanke durchbrochen habe, ist der 40-Tonner lediglich in die Leitplanke gefahren. Die Polizei geht von einem internistischen Notfall aus, der zu dem Unfall gef\u00fchrt habe.<\/p>\n<p id=\"absatz3\" class=\"em_text\">Was war geschehen? Der Sattelzug einer Herforder Spedition war gegen 10.35 Uhr mehreren Verkehrsteilnehmern auf der A2 \u2013 zwischen der Anschlussstelle \u201eOstwestfalen\/Lippe\u201c und der Br\u00fccke \u201eVinner Stra\u00dfe\u201c \u2013 durch ungew\u00f6hnliche Fahrbewegungen aufgefallen. Schlie\u00dflich muss der 47-j\u00e4hrige Fahrer am Steuer endg\u00fcltig ohnm\u00e4chtig geworden sein.<\/p>\n<p>300 Meter entlang der Leitplanke<\/p>\n<p class=\"em_text\">Die Autobahnpolizei geht davon aus, dass der Truck ab der Br\u00fccke Vinner Stra\u00dfe unerwartet auf die linke \u00dcberholspur wechselte und auf einer Strecke von mehr als 300 Metern an der linken Leitplanke entlang schrammte. Andere Fahrzeuge wurden dabei zum Gl\u00fcck nicht besch\u00e4digt. Erst nach mehr als 300 Metern blieb das Fahrzeug endg\u00fcltig auf der linken Fahrspur liegen.<\/p>\n<p>        <a href=\"https:\/\/www.nw.de\/_em_daten\/_cache\/image\/1xRDhlVms3Mk03Y3o2VzVYUUVVNzVjVDNMdHNwdjZmWmhHWjlUVi94ZnBLTzNiMitjK01DNDQ4M2Uybkp6SW4raWl6VXo3ZnZJNExpcnRXT0dZaS9jNTA3a0R4ZG1zM1JPUUc3cXdHUW5nUXM9\/260831-1210-925872232.jpg\" class=\"nw-article-image\" title=\"Der Fahrer eines Lkw aus Herford ist am Montagmorgen auf der A2 bei Bielefeld verungl\u00fcckt.\" data-glightbox=\"type: image; description: Der Fahrer eines Lkw aus Herford ist am Montagmorgen auf der A2 bei Bielefeld verungl\u00fcckt.  | \u00a9 Jens Reichenbach \" rel=\"nofollow noopener\" target=\"_blank\"><br \/>\n            <img decoding=\"async\" src=\"https:\/\/www.europesays.com\/de\/wp-content\/uploads\/2026\/08\/260831-1210-925872232.jpg\" class=\"nw-img-fluid nw-w-full nw-lazy nw-rounded-t-md\" alt=\"Der Fahrer eines Lkw aus Herford ist am Montagmorgen auf der A2 bei Bielefeld verungl\u00fcckt. - \u00a9 Jens Reichenbach\" data-format=\"16:9\"\/><br \/>\n        <\/a><\/p>\n<p>                Der Fahrer eines Lkw aus Herford ist am Montagmorgen auf der A2 bei Bielefeld verungl\u00fcckt.<br \/>\n                                    | \u00a9 Jens Reichenbach<\/p>\n<p id=\"absatz5\" class=\"em_text\">Nachdem der Verkehr zum Stillstand gekommen war, eilten sofort Ersthelfer zu dem zusammengesackten Fahrer. Wie ein Sprecher der Autobahnpolizei mitteilte, mussten sie die Fahrer- und Beifahrerscheibe am F\u00fchrerhaus einschlagen, um \u00fcberhaupt an den Patienten herankommen zu k\u00f6nnen. Dieser war nicht ansprechbar und musste umgehend reanimiert werden. Nach erster Versorgung durch die Ersthelfer am Unfallort \u00fcbernahmen dann Notarzt und eine Rettungswagen-Besatzung Reanimation und den Abtransport des 47-j\u00e4hrigen Mannes. Wie die Polizei um 14 Uhr mitteilte, verstarb der 47-J\u00e4hrige sp\u00e4ter im Krankenhaus.<\/p>\n<p id=\"absatz6\" class=\"em_text\">Die A2 in Richtung Dortmund musste ab der Anschlussstelle \u201eOstwestfalen\/Lippe\u201c voll gesperrt werden. Die direkt vor der Unfallstelle feststeckenden Fahrzeuge konnten gegen 12 Uhr \u00fcber den Standstreifen an der Unfallstelle vorbeigeleitet werden. Die A2-Sperrung in Richtung Dortmund auf H\u00f6he der Abfahrt Ostwestfalen\/Lippe blieb jedoch weiter bestehen. Verkehrsteilnehmern wurde geraten, den Bereich m\u00f6glichst weitr\u00e4umig zu umfahren.<\/p>\n<p>Fast dreist\u00fcndige Sperrung der A2 in Richtung Dortmund<\/p>\n<p>        <a href=\"https:\/\/www.nw.de\/_em_daten\/_cache\/image\/1xZ3Z6M0ZBanRqRUlNeG5QWkVDaXJBampQckEvNk0zRS9zSEUyRVFxc1JQWXdzcHVFQlk5TFd1MEd1cmxpUnVlT3dnMnNQYnhPamdtQ3d6VG1RZS81RFE9PQ\/260831-1106-925809481.jpg\" class=\"nw-article-image\" title=\"Die Polizei Bielefeld ver\u00f6ffentlichte eine aktuelle Meldung in den sozialen Medien.\" data-glightbox=\"type: image; description: Die Polizei Bielefeld ver\u00f6ffentlichte eine aktuelle Meldung in den sozialen Medien.  | \u00a9 Polizei Bielefeld \" rel=\"nofollow noopener\" target=\"_blank\"><br \/>\n            <img decoding=\"async\" src=\"https:\/\/www.europesays.com\/de\/wp-content\/uploads\/2026\/08\/260831-1106-925809481.jpg\" class=\"nw-img-fluid nw-w-full nw-lazy nw-rounded-t-md\" alt=\"Die Polizei Bielefeld ver\u00f6ffentlichte eine aktuelle Meldung in den sozialen Medien. - \u00a9 Polizei Bielefeld\" data-format=\"16:9\"\/><br \/>\n        <\/a><\/p>\n<p>                Die Polizei Bielefeld ver\u00f6ffentlichte eine aktuelle Meldung in den sozialen Medien.<br \/>\n                                    | \u00a9 Polizei Bielefeld<\/p>\n<p id=\"absatz8\" class=\"em_text\">Die Sperrung blieb schlie\u00dflich bis 14 Uhr bestehen. Der Stau auf der A2 reichte weit zur\u00fcck bis nach Herford\/Bad Salzuflen, aber auch die Umleitungsstrecken in Bielefelder Stadtgebiet waren im Nu \u00fcberlastet. Verkehrsteilnehmer mussten sich auf reichlich Zeitverlust einstellen. Die Staus l\u00f6sten sich anschlie\u00dfend langsam wieder auf.<\/p>\n<p id=\"absatz9\" class=\"em_text\">Mitarbeiter der Spedition brachten den 40-Tonner, der nur leichte Sch\u00e4den aufwies, inzwischen von der Autobahn. Gleichzeitig hatte ein spezialisiertes Verkehrsunfallaufnahme-Team der Polizei die Spurensicherung \u00fcbernommen. Auch die Fahrerdaten des Lkw wurden von der Polizei sichergestellt. <\/p>\n","protected":false},"excerpt":{"rendered":"Bielefeld-Altenhagen. Ersthelfer mussten nach einem Unfall mit einem Sattelzug auf der A2 bei Bielefeld den 47-j\u00e4hrigen Fahrer aus&hellip;\n","protected":false},"author":2,"featured_media":1272106,"comment_status":"","ping_status":"","sticky":false,"template":"","format":"standard","meta":{"footnotes":"","_share_on_mastodon":"0"},"categories":[1841],"tags":[25017,67973,10532,26861,1605,3364,29,217,514,30,16398,16392,1611,4280,2379,9308,9310,15354,1608,10528,198079,736,164252,16384,1613,1209,3144,121,35754,10967,2224,5716,1284],"class_list":["post-1272105","post","type-post","status-publish","format-standard","has-post-thumbnail","category-bielefeld","tag-a2","tag-altenhagen","tag-autobahnpolizei","tag-bad-oeynhausen","tag-bielefeld","tag-de","tag-deutschland","tag-dortmund","tag-fahrzeug","tag-germany","tag-herford","tag-label_blaulicht","tag-label_informiere-mich","tag-label_l-120","tag-label_push","tag-label_republish","tag-label_social","tag-label_stroer","tag-label_top-news","tag-leitplanke","tag-meta_artikelklasse_seo","tag-meta_copyrights_nw","tag-meta_eo_zusammenfassung","tag-meta_themen_blaulicht_sicherheit","tag-meta_userneeds_informieremich","tag-nordrhein-westfalen","tag-ostwestfalen","tag-polizei","tag-sattelzug","tag-spedition","tag-sperrung","tag-stau","tag-unfall"],"share_on_mastodon":{"url":"","error":"Validation failed: Text character limit of 500 exceeded"},"_links":{"self":[{"href":"https:\/\/www.europesays.com\/de\/wp-json\/wp\/v2\/posts\/1272105","targetHints":{"allow":["GET"]}}],"collection":[{"href":"https:\/\/www.europesays.com\/de\/wp-json\/wp\/v2\/posts"}],"about":[{"href":"https:\/\/www.europesays.com\/de\/wp-json\/wp\/v2\/types\/post"}],"author":[{"embeddable":true,"href":"https:\/\/www.europesays.com\/de\/wp-json\/wp\/v2\/users\/2"}],"replies":[{"embeddable":true,"href":"https:\/\/www.europesays.com\/de\/wp-json\/wp\/v2\/comments?post=1272105"}],"version-history":[{"count":0,"href":"https:\/\/www.europesays.com\/de\/wp-json\/wp\/v2\/posts\/1272105\/revisions"}],"wp:featuredmedia":[{"embeddable":true,"href":"https:\/\/www.europesays.com\/de\/wp-json\/wp\/v2\/media\/1272106"}],"wp:attachment":[{"href":"https:\/\/www.europesays.com\/de\/wp-json\/wp\/v2\/media?parent=1272105"}],"wp:term":[{"taxonomy":"category","embeddable":true,"href":"https:\/\/www.europesays.com\/de\/wp-json\/wp\/v2\/categories?post=1272105"},{"taxonomy":"post_tag","embeddable":true,"href":"https:\/\/www.europesays.com\/de\/wp-json\/wp\/v2\/tags?post=1272105"}],"curies":[{"name":"wp","href":"https:\/\/api.w.org\/{rel}","templated":true}]}}