{"id":1272113,"date":"2026-08-31T16:45:22","date_gmt":"2026-08-31T16:45:22","guid":{"rendered":"https:\/\/www.europesays.com\/de\/1272113\/"},"modified":"2026-08-31T16:45:22","modified_gmt":"2026-08-31T16:45:22","slug":"kabelklau-im-ruhrgebiet-bahnverkehr-ueber-stunden-gestoert-nrw","status":"publish","type":"post","link":"https:\/\/www.europesays.com\/de\/1272113\/","title":{"rendered":"Kabelklau im Ruhrgebiet &#8211; Bahnverkehr \u00fcber Stunden gest\u00f6rt | NRW"},"content":{"rendered":"<p id=\"absatz1\" class=\"em_text\">Unbekannte haben an der zentralen Bahnstrecke zwischen Bochum und Essen Kabel gestohlen &#8211; und damit stundenlange St\u00f6rungen im regionalen und \u00fcberregionalen Zugverkehr verursacht. Alle ICE-Z\u00fcge zwischen Dortmund und Essen mit planm\u00e4\u00dfigem Halt am Bochumer Hauptbahnhof wurden seit dem fr\u00fchen Morgen in beide Fahrtrichtungen umgeleitet, weil der Stopp am Hbf Bochum entfallen musste, wie es bei der Deutschen Bahn hie\u00df. Die ICE versp\u00e4teten sich demnach um etwa 15 Minuten.<\/p>\n<p id=\"absatz2\" class=\"em_text\">Am sp\u00e4ten Nachmittag waren die Sch\u00e4den beseitigt. Dennoch k\u00f6nne es weiter zu Versp\u00e4tungen und Teilausf\u00e4llen kommen, hie\u00df es gegen 17.30 Uhr auf dem Portal Zuginfo.NRW. Vor allem der Regionalverkehr zwischen Bochum und dem Essener Hauptbahnhof war seit dem fr\u00fchen Morgen mit Ausf\u00e4llen, Teilausf\u00e4llen und Versp\u00e4tungen betroffen. Fahrg\u00e4ste der Linien RE1, RE6, RE11 und RE16 sowie der RB49 und der S-Bahn-Linie 1 waren mit Beeintr\u00e4chtigungen konfrontiert.<\/p>\n<p>Deutsche Bahn: Reparaturen nach Kabelklau zeitintensiv<\/p>\n<p><a class=\"link-img\" href=\"https:\/\/www.mt.de\/_em_daten\/_cache\/image\/1xSkZrbm5qenlidjRuZ05UTUhWYjVSbCtabUdMeWhQYzFFZXJ1Yjc5U2tpK3ArMmhEc3hqVGhmZnlzaWpMemtHR0RsK25SUXR4M0dSNGg2S2djM2hib2JNSFVBa3Ayd0ZKRTVldEt1R3RvVVpCeWlNU1h5dHU5RU93RDF4d0tpQXA\/260831-1219-urn-newsml-dpa-com-20090101-260831-935-1577273.webp\" data-fancybox=\"images\" data-caption=\"Ausf\u00e4lle, Teilausf\u00e4lle und Umleitungen zwischen Bochum und Essen. (Archivbild) - \u00a9 Federico Gambarini\/dpa\" rel=\"nofollow noopener\" target=\"_blank\"><br \/>\n<img decoding=\"async\"  src=\"https:\/\/www.europesays.com\/de\/wp-content\/uploads\/2026\/08\/260831-1219-urn-newsml-dpa-com-20090101-260831-935-1577273.webp\" loading=\"lazy\" width=\"1000\" alt=\"Ausf\u00e4lle, Teilausf\u00e4lle und Umleitungen zwischen Bochum und Essen. (Archivbild) - \u00a9 Federico Gambarini\/dpa\"\/><\/p>\n<p><\/a><\/p>\n<p>Ausf\u00e4lle, Teilausf\u00e4lle und Umleitungen zwischen Bochum und Essen. (Archivbild) &#8211; \u00a9 Federico Gambarini\/dpa<\/p>\n<p id=\"absatz5\" class=\"em_text\">\u201eEntlang der Strecke zwischen Bochum und Essen haben Unbekannte Kabel gestohlen. Dabei handelt es sich um Kabel, die f\u00fcr einen sicheren und zuverl\u00e4ssigen Bahnbetrieb unerl\u00e4sslich sind\u201d, teilte ein Sprecher der Deutschen Bahn mit. Der Streckenabschnitt zwischen Essen und Bochum sei daher aus Sicherheitsgr\u00fcnden gesperrt worden.<\/p>\n<p id=\"absatz6\" class=\"em_text\">Die besch\u00e4digten Kabel mit vielen Adern mussten an mehreren Stellen von Hand wieder miteinander verbunden werden, wie der DB-Sprecher erl\u00e4uterte. Das sei aufwendig und zeitintensiv.<\/p>\n<p>Bundespolizei ermittelt vor Ort<\/p>\n<p id=\"absatz7\" class=\"em_text\">Die Bundespolizei ermittelt \u201ewegen Diebstahls in einem besonders schweren Fall\u201d, wie ein Sprecher auf Anfrage berichtete. Man habe in der Nacht zu Montag gegen 01.00 Uhr mit Erhalt der DB-St\u00f6rungsmeldung den Abschnitt gesperrt und \u201eunsere Ma\u00dfnahmen vor Ort begonnen\u201d, schilderte der Bundespolizei-Sprecher.<\/p>\n<p id=\"absatz8\" class=\"em_text\">Es seien in der N\u00e4he von Essen-Steele Ost rund 15 Meter Kupferkabel \u201egetrennt und entwendet worden\u201d. Hinweise auf den oder die T\u00e4ter gebe es bisher nicht, Spuren w\u00fcrden gesichert.<\/p>\n<p>Bus statt Bahn bei mehreren regionalen Linien<\/p>\n<p id=\"absatz9\" class=\"em_text\">Laut Zuginfo.NRW wurden bei den Linien RE1, RE6 und RE11 in beiden Fahrtrichtungen die Z\u00fcge zwischen dem Essener und dem Dortmunder Hbf mit Halt in Gelsenkirchen Hbf und Herne umgeleitet. Die Halte in Wattenscheid und Bochum Hbf mussten ausfallen, Fahrg\u00e4ste mussten auf Ersatzbusse umsteigen.<\/p>\n<p id=\"absatz10\" class=\"em_text\">Z\u00fcge des RE16 und des RE40 aus Richtung Hagen endeten und starteten am Hauptbahnhof in Bochum, der Abschnitt Bochum-Essen entfiel. Reisende sollten angesichts der Teilausf\u00e4lle auf den eingerichteten Ersatz-Busverkehr ausweichen. <\/p>\n","protected":false},"excerpt":{"rendered":"Unbekannte haben an der zentralen Bahnstrecke zwischen Bochum und Essen Kabel gestohlen &#8211; und damit stundenlange St\u00f6rungen im&hellip;\n","protected":false},"author":2,"featured_media":1272114,"comment_status":"","ping_status":"","sticky":false,"template":"","format":"standard","meta":{"footnotes":"","_share_on_mastodon":"0"},"categories":[1839],"tags":[2226,2227,12674,7507,201948,421,3364,2030,29,217,19442,30,2229,152240,1209,176,3856,22899,6427],"class_list":["post-1272113","post","type-post","status-publish","format-standard","has-post-thumbnail","category-bochum","tag-bahnstrecke","tag-bahnverkehr","tag-beeintraechtigung","tag-bochum","tag-bochum-hauptbahnhof","tag-bundespolizei","tag-de","tag-deutsche-bahn","tag-deutschland","tag-dortmund","tag-essen-hauptbahnhof","tag-germany","tag-ice","tag-kabelklau","tag-nordrhein-westfalen","tag-nrw","tag-ruhrgebiet","tag-streckenabschnitt","tag-zugausfall"],"share_on_mastodon":{"url":"https:\/\/pubeurope.com\/@de\/117191137814662306","error":""},"_links":{"self":[{"href":"https:\/\/www.europesays.com\/de\/wp-json\/wp\/v2\/posts\/1272113","targetHints":{"allow":["GET"]}}],"collection":[{"href":"https:\/\/www.europesays.com\/de\/wp-json\/wp\/v2\/posts"}],"about":[{"href":"https:\/\/www.europesays.com\/de\/wp-json\/wp\/v2\/types\/post"}],"author":[{"embeddable":true,"href":"https:\/\/www.europesays.com\/de\/wp-json\/wp\/v2\/users\/2"}],"replies":[{"embeddable":true,"href":"https:\/\/www.europesays.com\/de\/wp-json\/wp\/v2\/comments?post=1272113"}],"version-history":[{"count":0,"href":"https:\/\/www.europesays.com\/de\/wp-json\/wp\/v2\/posts\/1272113\/revisions"}],"wp:featuredmedia":[{"embeddable":true,"href":"https:\/\/www.europesays.com\/de\/wp-json\/wp\/v2\/media\/1272114"}],"wp:attachment":[{"href":"https:\/\/www.europesays.com\/de\/wp-json\/wp\/v2\/media?parent=1272113"}],"wp:term":[{"taxonomy":"category","embeddable":true,"href":"https:\/\/www.europesays.com\/de\/wp-json\/wp\/v2\/categories?post=1272113"},{"taxonomy":"post_tag","embeddable":true,"href":"https:\/\/www.europesays.com\/de\/wp-json\/wp\/v2\/tags?post=1272113"}],"curies":[{"name":"wp","href":"https:\/\/api.w.org\/{rel}","templated":true}]}}