{"id":1272132,"date":"2026-08-31T16:57:15","date_gmt":"2026-08-31T16:57:15","guid":{"rendered":"https:\/\/www.europesays.com\/de\/1272132\/"},"modified":"2026-08-31T16:57:15","modified_gmt":"2026-08-31T16:57:15","slug":"gemeinsam-gegen-einsamkeit-bonner-projekt-zeigt-so-entstehen-neue-freundschaften","status":"publish","type":"post","link":"https:\/\/www.europesays.com\/de\/1272132\/","title":{"rendered":"Gemeinsam gegen Einsamkeit: Bonner Projekt zeigt: So entstehen neue Freundschaften"},"content":{"rendered":"<p class=\"text_ohne_einzug richtext text-em-55 !leading-serif mx-6 desktop:mx-0\"> Eine Fahrt mit der Drachenfelsbahn, eine F\u00fchrung in Schloss Drachenburg und zwischendurch Zeit f\u00fcr Gespr\u00e4che: Bei einem Ausflug nach K\u00f6nigswinter haben die Teilnehmerinnen und Teilnehmer nicht nur das Siebengebirge, sondern auch die anderen Menschen an der Kaffeetafel und im Bus besser kennengelernt. \u201eEinsamkeit ist eine der dr\u00e4ngendsten sozialen Herausforderungen unserer Zeit und betrifft Menschen aller Altersgruppen\u201c, hatte Elisabeth Smilie, Leiterin des Regionalbereichs Bonn beim F\u00f6rderverein der Sparkasse K\u00f6lnBonn das Projekt \u201eRaus aus der Einsamkeit\u201c angek\u00fcndigt.<\/p>\n","protected":false},"excerpt":{"rendered":"Eine Fahrt mit der Drachenfelsbahn, eine F\u00fchrung in Schloss Drachenburg und zwischendurch Zeit f\u00fcr Gespr\u00e4che: Bei einem Ausflug&hellip;\n","protected":false},"author":2,"featured_media":1272133,"comment_status":"","ping_status":"","sticky":false,"template":"","format":"standard","meta":{"footnotes":"","_share_on_mastodon":"0"},"categories":[1842],"tags":[1741,3364,29,30,1209],"class_list":["post-1272132","post","type-post","status-publish","format-standard","has-post-thumbnail","category-bonn","tag-bonn","tag-de","tag-deutschland","tag-germany","tag-nordrhein-westfalen"],"share_on_mastodon":{"url":"https:\/\/pubeurope.com\/@de\/117191183381566181","error":""},"_links":{"self":[{"href":"https:\/\/www.europesays.com\/de\/wp-json\/wp\/v2\/posts\/1272132","targetHints":{"allow":["GET"]}}],"collection":[{"href":"https:\/\/www.europesays.com\/de\/wp-json\/wp\/v2\/posts"}],"about":[{"href":"https:\/\/www.europesays.com\/de\/wp-json\/wp\/v2\/types\/post"}],"author":[{"embeddable":true,"href":"https:\/\/www.europesays.com\/de\/wp-json\/wp\/v2\/users\/2"}],"replies":[{"embeddable":true,"href":"https:\/\/www.europesays.com\/de\/wp-json\/wp\/v2\/comments?post=1272132"}],"version-history":[{"count":0,"href":"https:\/\/www.europesays.com\/de\/wp-json\/wp\/v2\/posts\/1272132\/revisions"}],"wp:featuredmedia":[{"embeddable":true,"href":"https:\/\/www.europesays.com\/de\/wp-json\/wp\/v2\/media\/1272133"}],"wp:attachment":[{"href":"https:\/\/www.europesays.com\/de\/wp-json\/wp\/v2\/media?parent=1272132"}],"wp:term":[{"taxonomy":"category","embeddable":true,"href":"https:\/\/www.europesays.com\/de\/wp-json\/wp\/v2\/categories?post=1272132"},{"taxonomy":"post_tag","embeddable":true,"href":"https:\/\/www.europesays.com\/de\/wp-json\/wp\/v2\/tags?post=1272132"}],"curies":[{"name":"wp","href":"https:\/\/api.w.org\/{rel}","templated":true}]}}