{"id":1272134,"date":"2026-08-31T16:58:15","date_gmt":"2026-08-31T16:58:15","guid":{"rendered":"https:\/\/www.europesays.com\/de\/1272134\/"},"modified":"2026-08-31T16:58:15","modified_gmt":"2026-08-31T16:58:15","slug":"kvb-linien-16-und-18-wieder-durchgehend-im-einsatz","status":"publish","type":"post","link":"https:\/\/www.europesays.com\/de\/1272134\/","title":{"rendered":"KVB-Linien 16 und 18 wieder durchgehend im Einsatz"},"content":{"rendered":"<p>Es gibt tats\u00e4chlich mal gute Nachrichten f\u00fcr alle Bahnpendler zwischen K\u00f6ln, dem Rhein-Erft-Kreis und Bonn. Die Bauarbeiten auf den Stadtbahnlinien 16 und 18 werden planm\u00e4\u00dfig zum Schulstart fertig. Ab Dienstagfr\u00fch (1. September) gegen 3 Uhr fahren beide Linien wieder ohne Unterbrechung auf ihrer kompletten Strecke. Das hei\u00dft: Zwischen K\u00f6ln und Bonn fallen die Ersatzbusse weg, und Umsteigen ist nicht mehr n\u00f6tig.<\/p>\n<p>W\u00e4hrend der Sommerferien waren auf beiden Strecken unter anderem Gleise, Oberleitungen und technische Anlagen erneuert worden. Auf der Linie 18 ist ein Gro\u00dfteil der Arbeiten sogar schon seit Sonntag abgeschlossen &#8211; hier fahren die Bahnen aus K\u00f6ln \u00fcber H\u00fcrth und Br\u00fchl schon wieder bis Dransdorf, ab morgen dann auch wieder durchgehend bis Bonn Hauptbahnhof.<\/p>\n","protected":false},"excerpt":{"rendered":"Es gibt tats\u00e4chlich mal gute Nachrichten f\u00fcr alle Bahnpendler zwischen K\u00f6ln, dem Rhein-Erft-Kreis und Bonn. Die Bauarbeiten auf&hellip;\n","protected":false},"author":2,"featured_media":1272135,"comment_status":"","ping_status":"","sticky":false,"template":"","format":"standard","meta":{"footnotes":"","_share_on_mastodon":"0"},"categories":[1842],"tags":[1741,3364,29,30,1209],"class_list":["post-1272134","post","type-post","status-publish","format-standard","has-post-thumbnail","category-bonn","tag-bonn","tag-de","tag-deutschland","tag-germany","tag-nordrhein-westfalen"],"share_on_mastodon":{"url":"https:\/\/pubeurope.com\/@de\/117191187355518879","error":""},"_links":{"self":[{"href":"https:\/\/www.europesays.com\/de\/wp-json\/wp\/v2\/posts\/1272134","targetHints":{"allow":["GET"]}}],"collection":[{"href":"https:\/\/www.europesays.com\/de\/wp-json\/wp\/v2\/posts"}],"about":[{"href":"https:\/\/www.europesays.com\/de\/wp-json\/wp\/v2\/types\/post"}],"author":[{"embeddable":true,"href":"https:\/\/www.europesays.com\/de\/wp-json\/wp\/v2\/users\/2"}],"replies":[{"embeddable":true,"href":"https:\/\/www.europesays.com\/de\/wp-json\/wp\/v2\/comments?post=1272134"}],"version-history":[{"count":0,"href":"https:\/\/www.europesays.com\/de\/wp-json\/wp\/v2\/posts\/1272134\/revisions"}],"wp:featuredmedia":[{"embeddable":true,"href":"https:\/\/www.europesays.com\/de\/wp-json\/wp\/v2\/media\/1272135"}],"wp:attachment":[{"href":"https:\/\/www.europesays.com\/de\/wp-json\/wp\/v2\/media?parent=1272134"}],"wp:term":[{"taxonomy":"category","embeddable":true,"href":"https:\/\/www.europesays.com\/de\/wp-json\/wp\/v2\/categories?post=1272134"},{"taxonomy":"post_tag","embeddable":true,"href":"https:\/\/www.europesays.com\/de\/wp-json\/wp\/v2\/tags?post=1272134"}],"curies":[{"name":"wp","href":"https:\/\/api.w.org\/{rel}","templated":true}]}}