{"id":1272136,"date":"2026-08-31T16:59:19","date_gmt":"2026-08-31T16:59:19","guid":{"rendered":"https:\/\/www.europesays.com\/de\/1272136\/"},"modified":"2026-08-31T16:59:19","modified_gmt":"2026-08-31T16:59:19","slug":"landtagswahl-afd-politiker-aus-rostock-hat-bank-in-duisburg-ueberfallen","status":"publish","type":"post","link":"https:\/\/www.europesays.com\/de\/1272136\/","title":{"rendered":"Landtagswahl: AfD-Politiker aus Rostock hat Bank in Duisburg \u00fcberfallen"},"content":{"rendered":"<p class=\"text_ohne_einzug richtext text-em-55 !leading-serif mx-6 desktop:mx-0\">Es ist eine kurze Meldung der Duisburger <a href=\"https:\/\/rp-online.de\/thema\/polizei\/\" rel=\"nofollow noopener\" target=\"_blank\">Polizei<\/a> aus dem Jahr 2012, die jetzt den <a href=\"https:\/\/rp-online.de\/thema\/wahlkampf\/\" rel=\"nofollow noopener\" target=\"_blank\">Wahlkampf<\/a> der AfD in <a href=\"https:\/\/rp-online.de\/thema\/mecklenburg-vorpommern\/\" rel=\"nofollow noopener\" target=\"_blank\">Mecklenburg-Vorpommern<\/a> durcheinanderbringt: Damals betritt am 19. Dezember ein Mann die Filiale der <a href=\"https:\/\/rp-online.de\/thema\/volksbank\/\" rel=\"nofollow noopener\" target=\"_blank\">Volksbank<\/a> an der Dorfstra\u00dfe in Rumeln. Eine Mitarbeiterin wird der Polizei sp\u00e4ter sagen, sie habe gesehen, wie der Mann etwas aus seiner Jacke zog, was wie eine Pistole aussah. Damit bedroht er die Frau, fordert Geld und fl\u00fcchtet schlie\u00dflich zu Fu\u00df.<\/p>\n<p class=\"richtext text-em-55 !leading-serif mx-6 desktop:mx-0\">Die Polizei ver\u00f6ffentlichte auch ein Foto des mutma\u00dflichen T\u00e4ters, darauf ist ein gepflegter Mann mit kurzen Haaren zu sehen. Einen Tag sp\u00e4ter wird die Festnahme vermeldet, ein damals 28-J\u00e4hriger wird an einer Trinkhalle geschnappt. Als Motiv des \u00dcberfalls gibt er Schulden an und erkl\u00e4rt, blo\u00df eine Spielzeugwaffe benutzt zu haben.<\/p>\n<p class=\"text_ohne_einzug richtext text-em-55 !leading-serif mx-6 desktop:mx-0\">Jetzt, rund 14 Jahre sp\u00e4ter, bekommt der Fall neue Bedeutung: Mehreren Medienberichten zufolge soll es sich bei dem Mann um einen 41 Jahre alten AfD-Politiker aus <a href=\"https:\/\/rp-online.de\/thema\/rostock\/\" rel=\"nofollow noopener\" target=\"_blank\">Rostock<\/a> handeln, der als Direktkandidat f\u00fcr die bevorstehende <a href=\"https:\/\/rp-online.de\/thema\/landtagswahl\/\" rel=\"nofollow noopener\" target=\"_blank\">Landtagswahl<\/a> am 20. September in Mecklenburg-Vorpommern antritt.<\/p>\n<p>T\u00e4ter warf die Waffe in den M\u00fcll      <\/p>\n<p class=\"richtext text-em-55 !leading-serif mx-6 desktop:mx-0\">Laut der \u201eOstsee-Zeitung\u201c hat der AfD-Mann den \u00dcberfall mittlerweile zugegeben und spricht dabei von einer damaligen pers\u00f6nlichen Krise und einer \u201eFlucht aus meinem Lebensumfeld\u201c. Bei der vermeintlichen Pistole handelte es sich um ein Feuerzeug in Form einer Pistole.<\/p>\n<p class=\"richtext text-em-55 !leading-serif mx-6 desktop:mx-0\">Die Waffe wurde damals nicht sofort entdeckt, die Beamten mussten auf dem Betriebshof der Wirtschaftsbetriebe nach ihr suchen, nachdem der R\u00e4uber sie zuvor in den M\u00fcll geworfen hatte.<\/p>\n<p class=\"richtext text-em-55 !leading-serif mx-6 desktop:mx-0\">Der heutige AfD-Politiker wurde schlie\u00dflich wegen schwerer r\u00e4uberischer Erpressung zu zwei Jahren und sechs Monaten Haft verurteilt, die Strafe verb\u00fc\u00dfte er im offenen Vollzug. Gegen\u00fcber der \u201eBild\u201c erkl\u00e4rte Enrico Schult, Landeschef der AfD in Mecklenburg-Vorpommern, dass man davon ausgehe, dass der Mann im Falle eines Wahlerfolgs sein Mandat nicht antritt.<\/p>\n","protected":false},"excerpt":{"rendered":"Es ist eine kurze Meldung der Duisburger Polizei aus dem Jahr 2012, die jetzt den Wahlkampf der AfD&hellip;\n","protected":false},"author":2,"featured_media":1272137,"comment_status":"","ping_status":"","sticky":false,"template":"","format":"standard","meta":{"footnotes":"","_share_on_mastodon":"0"},"categories":[1838],"tags":[186,2294,26048,3364,29,262706,3715,7465,30,19399,181899,29721,1209,15151,5089,5310,38444,16515,6799],"class_list":["post-1272136","post","type-post","status-publish","format-standard","has-post-thumbnail","category-duisburg","tag-afd","tag-bank","tag-bankueberfall","tag-de","tag-deutschland","tag-direktkandidat","tag-duisburg","tag-duisburger","tag-germany","tag-landtagswahl","tag-landtagswahlkampf","tag-mecklenburg","tag-nordrhein-westfalen","tag-politiker","tag-taeter","tag-ueberfall","tag-volksbank","tag-vorpommern","tag-wahlkampf"],"share_on_mastodon":{"url":"https:\/\/pubeurope.com\/@de\/117191191228128537","error":""},"_links":{"self":[{"href":"https:\/\/www.europesays.com\/de\/wp-json\/wp\/v2\/posts\/1272136","targetHints":{"allow":["GET"]}}],"collection":[{"href":"https:\/\/www.europesays.com\/de\/wp-json\/wp\/v2\/posts"}],"about":[{"href":"https:\/\/www.europesays.com\/de\/wp-json\/wp\/v2\/types\/post"}],"author":[{"embeddable":true,"href":"https:\/\/www.europesays.com\/de\/wp-json\/wp\/v2\/users\/2"}],"replies":[{"embeddable":true,"href":"https:\/\/www.europesays.com\/de\/wp-json\/wp\/v2\/comments?post=1272136"}],"version-history":[{"count":0,"href":"https:\/\/www.europesays.com\/de\/wp-json\/wp\/v2\/posts\/1272136\/revisions"}],"wp:featuredmedia":[{"embeddable":true,"href":"https:\/\/www.europesays.com\/de\/wp-json\/wp\/v2\/media\/1272137"}],"wp:attachment":[{"href":"https:\/\/www.europesays.com\/de\/wp-json\/wp\/v2\/media?parent=1272136"}],"wp:term":[{"taxonomy":"category","embeddable":true,"href":"https:\/\/www.europesays.com\/de\/wp-json\/wp\/v2\/categories?post=1272136"},{"taxonomy":"post_tag","embeddable":true,"href":"https:\/\/www.europesays.com\/de\/wp-json\/wp\/v2\/tags?post=1272136"}],"curies":[{"name":"wp","href":"https:\/\/api.w.org\/{rel}","templated":true}]}}