{"id":1272138,"date":"2026-08-31T17:00:28","date_gmt":"2026-08-31T17:00:28","guid":{"rendered":"https:\/\/www.europesays.com\/de\/1272138\/"},"modified":"2026-08-31T17:00:28","modified_gmt":"2026-08-31T17:00:28","slug":"ausbruch-aus-jva-duisburg-hamborn-so-gelang-die-flucht","status":"publish","type":"post","link":"https:\/\/www.europesays.com\/de\/1272138\/","title":{"rendered":"Ausbruch aus JVA Duisburg-Hamborn: So gelang die Flucht"},"content":{"rendered":"<p class=\"text_ohne_einzug richtext text-em-55 !leading-serif mx-6 desktop:mx-0\"> Zur Kostenpflichtiger Inhalt <a href=\"https:\/\/rp-online.de\/nrw\/staedte\/duisburg\/ausbruch-aus-jva-duisburg-haeftling-brach-in-koelner-villa-ein_aid-154010859\" rel=\"nofollow noopener\" target=\"_blank\">spektakul\u00e4ren Flucht eines Gefangenen aus der Untersuchungshaft in der Justizvollzugsanstalt Duisburg-Hamborn<\/a> sind neue Details ans Licht gekommen. Nach bisherigen Erkenntnissen wurden die Bediensteten im Gef\u00e4ngnis gegen 3.20 Uhr in der Nacht zu Sonntag durch eine \u201eau\u00dferordentlich laute Ger\u00e4uschkulisse\u201c aufgeschreckt, wie eine Sprecherin des Justizministeriums am Montag (31. August) erkl\u00e4rte: lautstarke Rufe und andere Ger\u00e4usche. Die Besch\u00e4ftigten wollten nachforschen, glaubten, dass es vielleicht irgendwo in einem Gemeinschaftsraum eine Pr\u00fcgelei g\u00e4be.<\/p>\n<p class=\"richtext text-em-55 !leading-serif mx-6 desktop:mx-0\">\u201eW\u00e4hrend der Suche wurde die Notrufeinrichtung auf einem anderen Haftraum bet\u00e4tigt\u201c, erl\u00e4uterte die Sprecherin weiter. Die Vollzugsbeamten eilten dorthin \u2013 und waren damit, ob mit Absicht des H\u00e4ftlings oder nicht, in die Irre gef\u00fchrt: \u201eDer dort untergebrachte Inhaftierte teilte jedoch den Bediensteten mit, dass die Ausl\u00f6sung des Lichtrufs versehentlich erfolgt sei. Er habe ,nur\u2018 das Licht im Haftraum anmachen wollen.\u201c Dann war zu h\u00f6ren, \u201edass mehrere Gefangene lautstark aus dem Fenster riefen, dass der ,Serbe es geschafft\u2018 habe\u201c.<\/p>\n<p>27 mal 35 Zentimeter gro\u00dfe \u00d6ffnung im Fenster      <\/p>\n<p class=\"richtext text-em-55 !leading-serif mx-6 desktop:mx-0\">Die Vollzugsbeamten liefen zur Zelle des Fl\u00fcchtigen und fanden die T\u00fcr von innen durch einen Schrank versperrt, traten ihn weg und erfassten, dass der Raum leer war. Sie zogen den Vorhang vom Fenster und mussten erkennen, \u201edass ein Gitterstab vollst\u00e4ndig und augenscheinlich glatt herausgetrennt wurde\u201c, wie die Ministeriumssprecherin weiter erkl\u00e4rte. Es sei dadurch eine etwa 27 Zentimeter breite und 35,5 Zentimeter hohe \u00d6ffnung entstanden. \u201eDie weitere von au\u00dfen angebrachte Feinvergitterung wurde vermutlich mit grober Gewalt teilweise an der rechten Seite aus der Verankerung gel\u00f6st. Hierdurch entstand eine f\u00fcr die Flucht aus dem Fenster notwendige L\u00fccke.\u201c<\/p>\n<p class=\"richtext text-em-55 !leading-serif mx-6 desktop:mx-0\">Ein Tisch aus dem Haftraum war so manipuliert worden, dass ein Teil des Gestells mit zwei Tischbeinen derart durch die Gitter und in der Fenstervergitterung platziert war, dass der Inhaftierte dies als Kletterhilfe nutzen konnte. Einmal drau\u00dfen, muss der Fliehende aufw\u00e4rts gelangt sein. \u201eAn dem Gitter des dar\u00fcberliegenden Haftraumes d\u00fcrfte er sich bis zur Dachkante hochgezogen haben. Die Anstalt geht davon aus, dass er sich in der Folge seitlich zum n\u00e4chsten Fenster desselben Haftraumes gehangelt hat, um dort im Eckbereich den \u00dcbersteigschutz zu \u00fcberwinden\u201c, hie\u00df es aus dem Ministerium. Damit war er dann auf dem Dach \u201eund d\u00fcrfte auf der anderen Seite zur Stra\u00dfe hinuntergelangt sein\u201c.<\/p>\n<p>Welches Werkzeug benutzte der Ausbrecher?      <\/p>\n<p class=\"richtext text-em-55 !leading-serif mx-6 desktop:mx-0\">In der Anstalt seien alle Haft-, Werk- und Nebenr\u00e4ume in der Folge des Ausbruchs kontrolliert worden. \u201eEin Sicherheitsexperte des Ministeriums ist vor Ort und Diensthunde kommen zum Einsatz.\u201c Wie der Geflohene einen Gitterstab so heraustrennen konnte, bleibt unklar. \u201eEs liegen bislang keine Erkenntnisse vor, dass Werkzeug in der Anstalt fehlt\u201c, erkl\u00e4rte die Sprecherin.<\/p>\n<p class=\"richtext text-em-55 !leading-serif mx-6 desktop:mx-0\">Die abenteuerliche Flucht befeuert die ohnehin laufende Debatte \u00fcber die Sicherheit in den NRW-Gef\u00e4ngnissen. Horst Butschinek, Landeschef des Bundes der Strafvollzugsbediensteten, will diese allerdings einhegen. Den letzten Ausbruch habe es 2021 gegeben: \u201eDa kann man nicht sagen, dass die Einrichtungen dazu einladen, ein- und auszugehen. Und es ist auch nicht wie in amerikanischen Filmen, dass ein Teel\u00f6ffel reicht, um sich durch eine Mauer zu kratzen\u201c, sagte er.<\/p>\n<p class=\"richtext text-em-55 !leading-serif mx-6 desktop:mx-0\">Es gebe grunds\u00e4tzlich ausgefeilte Sicherheitstechnik: Detektoren, die Alarm schlagen, wenn jemand an der Fassade oder auf dem Dach ist, und Kamera\u00fcberwachung. Allerdings r\u00e4umte er ein: \u201eNat\u00fcrlich ist es in \u00e4lteren Anstalten deutlich schwieriger, moderne Technik zu verbauen.\u201c Die JVA in Hamborn wurde nach Angaben des Landes 1912 gebaut, 1967 erweitert und 1995 grundsaniert. <\/p>\n<p>SPD fordert \u201eeinen verbindlichen Plan\u201c      <\/p>\n<p class=\"text_ohne_einzug richtext text-em-55 !leading-serif mx-6 desktop:mx-0\">Die politische Opposition forderte nun \u201esichtbare Konsequenzen\u201c, so Sonja Bongers, rechtspolitische Sprecherin der SPD-Landtagsfraktion: \u201eWenn ein H\u00e4ftling offenbar unbemerkt ein Versteck in seiner Zelle anlegen, einen Gitterstab durchs\u00e4gen und \u00fcber das Dach entkommen kann, haben die Sicherheitsvorkehrungen in Duisburg-Hamborn offensichtlich nicht ausgereicht \u2013 und das in einem gravierenden Ausma\u00df.\u201c Sie forderte eine Bestandsaufnahme in allen NRW-Gef\u00e4ngnissen \u201eund einen verbindlichen Plan, um personelle Unterbesetzungen sowie bauliche und technische M\u00e4ngel schnell zu beheben\u201c.<\/p>\n<p class=\"richtext text-em-55 !leading-serif mx-6 desktop:mx-0\">Der Rechtsexperte der FDP-Fraktion, Werner Pfeil, sieht Ministerpr\u00e4sident <a href=\"https:\/\/rp-online.de\/thema\/hendrik-wuest\/\" rel=\"nofollow noopener\" target=\"_blank\">Hendrik W\u00fcst<\/a> in der Pflicht, sich einzuschalten. Der Regierungschef stehe in der Verantwortung, \u201emit all seinen M\u00f6glichkeiten daf\u00fcr zu sorgen, dass seine Landesregierung den Justizvollzug wieder in den Griff bekommt\u201c.<\/p>\n<p>Mehr als 200.000 Euro Beute in Oberhausen      <\/p>\n<p class=\"richtext text-em-55 !leading-serif mx-6 desktop:mx-0\">Schon in <a href=\"https:\/\/rp-online.de\/thema\/serbien\/\" target=\"_blank\" rel=\"nofollow noopener\">Serbien<\/a> sa\u00df er wohl bereits wegen Einbr\u00fcchen im Gef\u00e4ngnis. Auch in <a href=\"https:\/\/rp-online.de\/thema\/frankreich\/\" rel=\"nofollow noopener\" target=\"_blank\">Frankreich<\/a> soll er in vergangenen Jahren wegen Diebstahls und Einbr\u00fcchen aufgefallen sein und einen Polizisten attackiert haben. <\/p>\n","protected":false},"excerpt":{"rendered":"Zur Kostenpflichtiger Inhalt spektakul\u00e4ren Flucht eines Gefangenen aus der Untersuchungshaft in der Justizvollzugsanstalt Duisburg-Hamborn sind neue Details ans&hellip;\n","protected":false},"author":2,"featured_media":1272139,"comment_status":"","ping_status":"","sticky":false,"template":"","format":"standard","meta":{"footnotes":"","_share_on_mastodon":"0"},"categories":[1838],"tags":[262708,3364,29,3715,20372,262712,8036,12967,262709,30,3029,262711,262710,45198,128550,19986,65249,61311,1209,1678,66170,262707,10959,4853],"class_list":["post-1272138","post","type-post","status-publish","format-standard","has-post-thumbnail","category-duisburg","tag-bediensteten","tag-de","tag-deutschland","tag-duisburg","tag-fenster","tag-fenstervergitterung","tag-flucht","tag-gefangene","tag-gemeinschaftsraum","tag-germany","tag-haft","tag-haftbefehls","tag-haftraumes","tag-hamborn","tag-inhaftierte","tag-ministerium","tag-ministeriums","tag-ministeriumssprecherin","tag-nordrhein-westfalen","tag-raum","tag-riefen","tag-serbe","tag-sprecherin","tag-untersuchungshaft"],"share_on_mastodon":{"url":"https:\/\/pubeurope.com\/@de\/117191195073333329","error":""},"_links":{"self":[{"href":"https:\/\/www.europesays.com\/de\/wp-json\/wp\/v2\/posts\/1272138","targetHints":{"allow":["GET"]}}],"collection":[{"href":"https:\/\/www.europesays.com\/de\/wp-json\/wp\/v2\/posts"}],"about":[{"href":"https:\/\/www.europesays.com\/de\/wp-json\/wp\/v2\/types\/post"}],"author":[{"embeddable":true,"href":"https:\/\/www.europesays.com\/de\/wp-json\/wp\/v2\/users\/2"}],"replies":[{"embeddable":true,"href":"https:\/\/www.europesays.com\/de\/wp-json\/wp\/v2\/comments?post=1272138"}],"version-history":[{"count":0,"href":"https:\/\/www.europesays.com\/de\/wp-json\/wp\/v2\/posts\/1272138\/revisions"}],"wp:featuredmedia":[{"embeddable":true,"href":"https:\/\/www.europesays.com\/de\/wp-json\/wp\/v2\/media\/1272139"}],"wp:attachment":[{"href":"https:\/\/www.europesays.com\/de\/wp-json\/wp\/v2\/media?parent=1272138"}],"wp:term":[{"taxonomy":"category","embeddable":true,"href":"https:\/\/www.europesays.com\/de\/wp-json\/wp\/v2\/categories?post=1272138"},{"taxonomy":"post_tag","embeddable":true,"href":"https:\/\/www.europesays.com\/de\/wp-json\/wp\/v2\/tags?post=1272138"}],"curies":[{"name":"wp","href":"https:\/\/api.w.org\/{rel}","templated":true}]}}