{"id":1272141,"date":"2026-08-31T17:03:11","date_gmt":"2026-08-31T17:03:11","guid":{"rendered":"https:\/\/www.europesays.com\/de\/1272141\/"},"modified":"2026-08-31T17:03:11","modified_gmt":"2026-08-31T17:03:11","slug":"transferendspurt-in-nuernberg-doch-kein-sechser-mehr-fuer-klose-sport","status":"publish","type":"post","link":"https:\/\/www.europesays.com\/de\/1272141\/","title":{"rendered":"Transferendspurt in N\u00fcrnberg: Doch kein Sechser mehr f\u00fcr Klose? | Sport"},"content":{"rendered":"<p><a class=\"skip-content skip-content--link\" href=\"#in-content-skip-link-target-v-0-0\">TTS-Player \u00fcberspringen\u21b5<\/a><a id=\"in-content-skip-link-target-v-0-0\" class=\"skip-content--target-link-hidden skip-content skip-content--target-link\" href=\"#in-content-skip-link-target-v-0-0\">Artikel weiterlesen<\/a><\/p>\n<p><b>Deadline-Day beim Club: Passiert noch was auf der Sechs? Ab Dienstag, 20 Uhr, ist Schluss. Dann schlie\u00dft das Transferfenster in den meisten europ\u00e4ischen L\u00e4ndern. Auch beim 1. FC N\u00fcrnberg steht der Kader f\u00fcr die Saison damit endg\u00fcltig fest.<\/b><\/p>\n<p>Gro\u00dfe Hektik herrscht beim Club nicht. Lediglich auf der Sechser-Position k\u00f6nnten die Franken noch aktiv werden. Allerdings nur, wenn wirklich alles passt. Danach sieht es beim bisherigen Wunschkandidaten Felipe Obradovich (19) von Ferro Carril Oeste offenbar nicht aus. Das geplante Zick-Zack-Modell mit einer m\u00f6glichen R\u00fcckleihe bis zum Winter will der FCN offenbar nicht mitgehen. Ein Transfer scheint damit vom Tisch.<\/p>\n<p>Mehr zum Thema<\/p>\n<p>Sportvorstand Joti Chatzialexiou (50) betont: \u201eWir sind absolut happy damit, wie unser Kader jetzt aussieht, und haben dementsprechend auch auf dieser Position keinerlei Druck mehr.\u201c<\/p>\n<p>Ein weiterer Zugang ist deshalb kein Muss. Zumal mit Winners Osawe (20) weiterhin eine interne L\u00f6sung vorhanden ist. Der Mittelfeldspieler kommt nach seinem Innenbandanriss im Knie langsam wieder in Tritt.<\/p>\n<p>Noch ein Zugang ist kein Muss<\/p>\n<p>Ganz ohne Spannung geht der Club aber nicht in den Deadline-Day. Denn sollte sich doch noch eine passende Alternative auftun, k\u00f6nnte Osawe weiterhin als Wechselkandidat infrage kommen. Fazit: Vieles spricht daf\u00fcr, dass beim FCN bis Transferschluss nichts mehr passiert. Eine Restchance auf Bewegung gibt es trotzdem.<\/p>\n","protected":false},"excerpt":{"rendered":"TTS-Player \u00fcberspringen\u21b5Artikel weiterlesen Deadline-Day beim Club: Passiert noch was auf der Sechs? Ab Dienstag, 20 Uhr, ist Schluss.&hellip;\n","protected":false},"author":2,"featured_media":1221917,"comment_status":"","ping_status":"","sticky":false,"template":"","format":"standard","meta":{"footnotes":"","_share_on_mastodon":"0"},"categories":[1837],"tags":[783,772,10904,3364,29,347,30,11451,3783,803,877,1470,784],"class_list":["post-1272141","post","type-post","status-publish","format-standard","has-post-thumbnail","category-nuernberg","tag-1-fc-nuernberg","tag-bayern","tag-chatzialexiou-joti","tag-de","tag-deutschland","tag-fussball","tag-germany","tag-mittelfeldspieler","tag-nuernberg","tag-spielertransfer","tag-spobi-2-liga","tag-sport-leuchtturm-muenchen","tag-zweite-bundesliga"],"share_on_mastodon":{"url":"https:\/\/pubeurope.com\/@de\/117191206959475929","error":""},"_links":{"self":[{"href":"https:\/\/www.europesays.com\/de\/wp-json\/wp\/v2\/posts\/1272141","targetHints":{"allow":["GET"]}}],"collection":[{"href":"https:\/\/www.europesays.com\/de\/wp-json\/wp\/v2\/posts"}],"about":[{"href":"https:\/\/www.europesays.com\/de\/wp-json\/wp\/v2\/types\/post"}],"author":[{"embeddable":true,"href":"https:\/\/www.europesays.com\/de\/wp-json\/wp\/v2\/users\/2"}],"replies":[{"embeddable":true,"href":"https:\/\/www.europesays.com\/de\/wp-json\/wp\/v2\/comments?post=1272141"}],"version-history":[{"count":0,"href":"https:\/\/www.europesays.com\/de\/wp-json\/wp\/v2\/posts\/1272141\/revisions"}],"wp:featuredmedia":[{"embeddable":true,"href":"https:\/\/www.europesays.com\/de\/wp-json\/wp\/v2\/media\/1221917"}],"wp:attachment":[{"href":"https:\/\/www.europesays.com\/de\/wp-json\/wp\/v2\/media?parent=1272141"}],"wp:term":[{"taxonomy":"category","embeddable":true,"href":"https:\/\/www.europesays.com\/de\/wp-json\/wp\/v2\/categories?post=1272141"},{"taxonomy":"post_tag","embeddable":true,"href":"https:\/\/www.europesays.com\/de\/wp-json\/wp\/v2\/tags?post=1272141"}],"curies":[{"name":"wp","href":"https:\/\/api.w.org\/{rel}","templated":true}]}}