{"id":1272146,"date":"2026-08-31T17:06:21","date_gmt":"2026-08-31T17:06:21","guid":{"rendered":"https:\/\/www.europesays.com\/de\/1272146\/"},"modified":"2026-08-31T17:06:21","modified_gmt":"2026-08-31T17:06:21","slug":"ruege-vom-steuerzahler-bund-dresden-zahlt-229-534-euro-fuers-fahrraeder-zaehlen-regional","status":"publish","type":"post","link":"https:\/\/www.europesays.com\/de\/1272146\/","title":{"rendered":"R\u00fcge vom Steuerzahler-Bund: Dresden zahlt 229.534 Euro f\u00fcrs Fahrr\u00e4der-Z\u00e4hlen. | Regional"},"content":{"rendered":"<p><a class=\"skip-content skip-content--link\" href=\"#in-content-skip-link-target-v-0-0\">TTS-Player \u00fcberspringen\u21b5<\/a><a id=\"in-content-skip-link-target-v-0-0\" class=\"skip-content--target-link-hidden skip-content skip-content--target-link\" href=\"#in-content-skip-link-target-v-0-0\">Artikel weiterlesen<\/a><\/p>\n<p>Dresden \u2013 <b>Die Stadtkasse ist leer, an allen Ecken fehlt das Geld. Bei Schulen, \u00d6PNV und Stra\u00dfen muss gespart werden. Doch das hindert die Stadt Dresden nicht daran, Steuergeld in kostspielige Symbolpolitik zu investieren. Gr\u00fcnen-Baub\u00fcrgermeister Stephan K\u00fchn (46) lie\u00df f\u00fcr viel Geld Displays aufstellen, die vorbeirollende Fahrr\u00e4der z\u00e4hlen \u2013 dabei war er daf\u00fcr schon vom Steuerzahlerbund angez\u00e4hlt worden.<\/b><\/p>\n<p>Im September 2025 landete die s\u00e4chsische Landeshauptstadt wegen der s\u00fcndhaft teuren Rad-Z\u00e4hl-Displays im \u201e<a href=\"https:\/\/www.schwarzbuch.de\/aufgedeckt\/steuergeldverschwendung-alle-faelle\/details\/repraesentatives-zaehlspiel-statt-vernunft-dresden-investiert-in-teure-fahrradbarometer\" target=\"_blank\" rel=\"nofollow noopener\" class=\"text-link\">Schwarzbuch des Bundes der Steuerzahler<\/a>\u201c. Der Stadtrat verbot daraufhin im November, weitere Z\u00e4hler aufzustellen. Dennoch lie\u00df der gr\u00fcne Baub\u00fcrgermeister im Sommer 2026 am Sachsenplatz wieder Displays installieren. Kosten allein hierf\u00fcr: \u201e139.614 Euro (brutto)\u201c, so die Stadtverwaltung auf BILD-Anfrage.<\/p>\n<p>Stadt: Z\u00e4hler dienen der Repr\u00e4sentation<\/p>\n<p>Was ist der Nutzen der Fahrrad-Displays? Sie zeigen neben Datum, Uhrzeit und Temperatur die Anzahl der \u201eRadfahrenden heute\u201c und \u201e2026\u201c an. \u201eDie Fahrradbarometer dienen vor allem der Repr\u00e4sentation des Radverkehrsaufkommens am Standort\u201c, schreibt die Stadtverwaltung. Autos werden dagegen nicht gez\u00e4hlt.<\/p>\n<p><img decoding=\"async\" width=\"992\" height=\"558\" alt=\"Stephan K\u00fchn (46, Gr\u00fcne) ist Dresden Baub\u00fcrgermeister\" loading=\"lazy\" src=\"https:\/\/www.europesays.com\/de\/wp-content\/uploads\/2026\/08\/39c6f18258ef59d9684455ef808d457d,7bf1c32b.jpeg\"   class=\"landscape\"\/><\/p>\n<p class=\"fig__caption__text\">Stephan K\u00fchn (46, Gr\u00fcne) ist Dresdens Baub\u00fcrgermeister<\/p>\n<p>Foto: Dirk Sukow<\/p>\n<p>Stornierung w\u00e4re \u201ewirtschaftlich nicht vertretbar\u201c<\/p>\n<p>Trotz Emp\u00f6rung \u00fcber die ersten Fahrrad-Z\u00e4hler auf der St. Petersburger Stra\u00dfe im April 2025 \u2013 die Stadt <a href=\"https:\/\/www.bild.de\/regional\/dresden\/dresden-regional\/home-16327670.bild.html\" class=\"text-link\" rel=\"nofollow noopener\" target=\"_blank\">Dresden<\/a> schloss sogar die Kommentarspalte bei Facebook\u00a0\u2013 macht der Gr\u00fcne weiter. Bis ihm das eine Stadtratsmehrheit auf CDU-Antrag verbot und forderte, die Stornierung bereits vergebener Auftr\u00e4ge zu pr\u00fcfen.<\/p>\n<p>Doch: \u201eF\u00fcr die Fahrradbarometer\u00a0\u2026 waren zum Zeitpunkt des Stadtratsbeschlusses bereits alle Planungsleistungen abgeschlossen, die Barometer bereits produziert und in Lieferung\u201c, so die Stadt auf BILD-Anfrage. \u201eVor diesem Hintergrund war es wirtschaftlich nicht vertretbar, die Aufstellung zu stornieren.\u201c<\/p>\n<p>Mehr zum Thema<\/p>\n<p>Bemerkenswert: Die Vergabe sei laut Stadt bereits im Mai 2025 erfolgt, doch erst 13 Monate sp\u00e4ter wurden die Displays aufgestellt. Stadtrat Holger Zastrow (57, parteilos): \u201eIn der Stadtratssitzung hatte der gr\u00fcne Baub\u00fcrgermeister nichts davon erz\u00e4hlt, dass die Z\u00e4hler schon bestellt waren.\u201c<\/p>\n<p>Steuerzahler-Bund spricht von Affront<\/p>\n<p>Urspr\u00fcnglich wollte der Gr\u00fcne sogar an f\u00fcnf Standorten zehn dieser Displays f\u00fcr <a href=\"https:\/\/www.bild.de\/themen\/specials\/fahrrad\/ratgeber-gesundheit-news-fotos-videos-19910516.bild.html\" class=\"text-link\" rel=\"nofollow noopener\" target=\"_blank\">Fahrr\u00e4der<\/a> aufstellen. Nun sind es vier Displays an zwei Standorten geworden. Diese kosten laut Verwaltung dennoch 229.534 Euro brutto. Dirk Mohr (50), Sachsen-Pr\u00e4sident beim Bund der Steuerzahler: \u201eTrotz bestehender Kritik weitere Z\u00e4hler aufzustellen, ist ein Affront gegen\u00fcber den Steuerzahlern. Die Haushaltslage ist nicht rosig, dennoch wird auf Biegen und Brechen weitergemacht.\u201c<\/p>\n","protected":false},"excerpt":{"rendered":"TTS-Player \u00fcberspringen\u21b5Artikel weiterlesen Dresden \u2013 Die Stadtkasse ist leer, an allen Ecken fehlt das Geld. Bei Schulen, \u00d6PNV&hellip;\n","protected":false},"author":2,"featured_media":1272147,"comment_status":"","ping_status":"","sticky":false,"template":"","format":"standard","meta":{"footnotes":"","_share_on_mastodon":"0"},"categories":[1835],"tags":[21579,31,3364,181674,29,1152,2386,1234,10176,30,21578,859,2149,227858,601],"class_list":["post-1272146","post","type-post","status-publish","format-standard","has-post-thumbnail","category-dresden","tag-bund-der-steuerzahler-deutschland","tag-cdu","tag-de","tag-deep-news","tag-deutschland","tag-die-gruenen","tag-dresden","tag-fahrrad","tag-fischer-thomas","tag-germany","tag-kuehn-stephan","tag-sachsen","tag-steuern","tag-team-deep","tag-verkehr"],"share_on_mastodon":{"url":"https:\/\/pubeurope.com\/@de\/117191220684331551","error":""},"_links":{"self":[{"href":"https:\/\/www.europesays.com\/de\/wp-json\/wp\/v2\/posts\/1272146","targetHints":{"allow":["GET"]}}],"collection":[{"href":"https:\/\/www.europesays.com\/de\/wp-json\/wp\/v2\/posts"}],"about":[{"href":"https:\/\/www.europesays.com\/de\/wp-json\/wp\/v2\/types\/post"}],"author":[{"embeddable":true,"href":"https:\/\/www.europesays.com\/de\/wp-json\/wp\/v2\/users\/2"}],"replies":[{"embeddable":true,"href":"https:\/\/www.europesays.com\/de\/wp-json\/wp\/v2\/comments?post=1272146"}],"version-history":[{"count":0,"href":"https:\/\/www.europesays.com\/de\/wp-json\/wp\/v2\/posts\/1272146\/revisions"}],"wp:featuredmedia":[{"embeddable":true,"href":"https:\/\/www.europesays.com\/de\/wp-json\/wp\/v2\/media\/1272147"}],"wp:attachment":[{"href":"https:\/\/www.europesays.com\/de\/wp-json\/wp\/v2\/media?parent=1272146"}],"wp:term":[{"taxonomy":"category","embeddable":true,"href":"https:\/\/www.europesays.com\/de\/wp-json\/wp\/v2\/categories?post=1272146"},{"taxonomy":"post_tag","embeddable":true,"href":"https:\/\/www.europesays.com\/de\/wp-json\/wp\/v2\/tags?post=1272146"}],"curies":[{"name":"wp","href":"https:\/\/api.w.org\/{rel}","templated":true}]}}