{"id":1272148,"date":"2026-08-31T17:07:39","date_gmt":"2026-08-31T17:07:39","guid":{"rendered":"https:\/\/www.europesays.com\/de\/1272148\/"},"modified":"2026-08-31T17:07:39","modified_gmt":"2026-08-31T17:07:39","slug":"kult-tankstelle-in-dresden-feiert-100-jahre-jubilaeum-im-kommenden-jahr","status":"publish","type":"post","link":"https:\/\/www.europesays.com\/de\/1272148\/","title":{"rendered":"Kult-Tankstelle in Dresden feiert 100 Jahre Jubil\u00e4um im kommenden Jahr"},"content":{"rendered":"<p>\n                                                                                                        31.08.2026\u00a018:40    Nach beinahe 30 Jahren an der Zapfs\u00e4ule: Chefin der Kult-Tanke macht endg\u00fcltig Schluss\n<\/p>\n<p>2027 wird die Kult-Tankstelle mit dem runden Dach an der Bautzner Stra\u00dfe 100 Jahre alt. Doch ihre P\u00e4chterin Ute Jautze geht schon jetzt in den Ruhestand.<\/p>\n<p>Dresden &#8211; <strong>Im n\u00e4chsten Jahr wird die Kult-Tankstelle mit dem runden Dach an der Bautzner Stra\u00dfe 100 Jahre alt. Das Jubil\u00e4um wird P\u00e4chterin Ute Jautze (66) als Gast erleben &#8211; am Sonntag verabschiedete sich die gelernte Schlosserin nach knapp 30 Jahren an der Zapfs\u00e4ule in den Ruhestand. <\/strong><\/p>\n<p>            <img loading=\"lazy\" decoding=\"async\" class=\"article__img\" alt=\"Rundes Dach auf eckigem Kassenhaus - das ist seit fast 100 jahren das Markenzeichen der kleinen Tankstelle an der Bautzner Stra\u00dfe.\" width=\"951\" height=\"634\" src=\"https:\/\/www.europesays.com\/de\/wp-content\/uploads\/2026\/08\/o3qyv33tv0arffrz8ejplm883r0d2hdr.jpg\"  \/><\/p>\n<p>            Rundes Dach auf eckigem Kassenhaus &#8211; das ist seit fast 100 jahren das Markenzeichen der kleinen Tankstelle an der Bautzner Stra\u00dfe.\u00a0\u00a0\u00a9\u00a0Norbert Neumann<\/p>\n<p>Und das mit viel Tamtam und \u00dcberraschung von Stammkundin Zora Schwarz. Die Chefin des Travestie-Theaters &#8222;Carte Blanche&#8220; kam mit zwei <a rel=\"nofollow noopener\" class=\"intern-link\" href=\"https:\/\/www.tag24.de\/dresden\/kultur-leute\" data-vars-href=\"https:\/\/www.tag24.de\/dresden\/kultur-leute\" data-vars-identifier=\"1788107794390\" data-vars-origin-id=\"1221\" data-vars- target=\"_blank\">K\u00fcnstlern<\/a> in zwei pr\u00e4chtigen 59er-Cadillacs vorgefahren.<\/p>\n<p>Josi Diamonds brachte der geliebten P\u00e4chterin zwei St\u00e4ndchen, Zora \u00fcberreichte einen XXL-Strau\u00df gelber Rosen.<\/p>\n<p>&#8222;Ich h\u00f6re wirklich mit einem lachenden und einem weinenden Auge auf. Obwohl ich in Rabenau wohne, werde ich wohl ab und an noch vorbeikommen&#8220;, gesteht Ute Jautze.<\/p>\n<p>                             <a data-aid=\"3527781\" data-atype=\"news\" data-aplacement=\"inread-article\" data-aplacementid=\"3528337\" href=\"https:\/\/www.tag24.de\/dresden\/kultur-leute\/dresdner-klinik-clowns-seit-30-jahren-zaubern-sie-kranken-kindern-ein-laecheln-ins-gesicht-3527781\" rel=\"nofollow noopener\" target=\"_blank\"><img loading=\"lazy\" decoding=\"async\" width=\"85\" height=\"57\" alt=\"Dresden: Dresdner Klinik-Clowns: Seit 30 Jahren zaubern sie kranken Kindern ein L\u00e4cheln ins Gesicht\" src=\"https:\/\/www.europesays.com\/de\/wp-content\/uploads\/2026\/08\/poh3o0mm8wqwpq2kr5u3uhvmhvaho8kc.jpg\"\/><\/a><\/p>\n<p>            Dresden Kultur &amp; Leute<br \/>\n                            <a class=\"inread-article__headline\" data-aid=\"3527781\" data-atype=\"news\" data-aplacement=\"inread-article\" data-aplacementid=\"3528337\" href=\"https:\/\/www.tag24.de\/dresden\/kultur-leute\/dresdner-klinik-clowns-seit-30-jahren-zaubern-sie-kranken-kindern-ein-laecheln-ins-gesicht-3527781\" rel=\"nofollow noopener\" target=\"_blank\">Dresdner Klinik-Clowns: Seit 30 Jahren zaubern sie kranken Kindern ein L\u00e4cheln ins Gesicht<\/a><\/p>\n<p><strong>&#8222;Ich bin immer zum Tanken zu ihr gefahren, manchmal wirklich mit dem letzten Tropfen&#8220;, verr\u00e4t Zora Schwarz. Auch die Cadillacs von Alexander Klingstein (Alex Eventfahren) kamen regelm\u00e4\u00dfig an die Zapfs\u00e4ule.<\/strong><\/p>\n<p>                        <img decoding=\"async\" class=\"article__img\" alt=\"Auch wenn es nicht ganz leicht f\u00e4llt: Ute Jautze verabschiedet sich von der Zapfs\u00e4ule in den Ruhestand.\" width=\"951\" height=\"634\" loading=\"lazy\" src=\"https:\/\/www.europesays.com\/de\/wp-content\/uploads\/2026\/08\/s60zlae0cy5vsok85kyrekxspci6x8ef.jpg\"  \/><\/p>\n<p>            Auch wenn es nicht ganz leicht f\u00e4llt: Ute Jautze verabschiedet sich von der Zapfs\u00e4ule in den Ruhestand.\u00a0\u00a0\u00a9\u00a0Norbert Neumann<\/p>\n<p class=\"inread-city__text\">Jeden Morgen die wichtigsten Nachrichten direkt in dein Postfach.<\/p>\n<ul class=\"inread-city__list\">\n<li>Lokale Nachrichten aus Dresden &amp; Umgebung<\/li>\n<li>Exklusive Hintergrundberichte<\/li>\n<li>Jederzeit abbestellbar<\/li>\n<\/ul>\n<p>                    Deine Anmeldung konnte nicht gespeichert werden. Bitte versuche es erneut.<\/p>\n<p>                    Deine Anmeldung war erfolgreich. Bitte best\u00e4tige die E-Mail, die wir dir gesendet haben.<\/p>\n<p>                        <img decoding=\"async\" class=\"article__img\" alt=\"Im Miet-Cadillac fahren Zora Schwarz und Travestie-Star Josi Diamond an ihrer Lieblingstanke vor.\" width=\"951\" height=\"634\" loading=\"lazy\" src=\"https:\/\/www.europesays.com\/de\/wp-content\/uploads\/2026\/08\/in0d33dfu359g4rh9h39aduvjxgh06ty.jpg\"  \/><\/p>\n<p>            Im Miet-Cadillac fahren Zora Schwarz und Travestie-Star Josi Diamond an ihrer Lieblingstanke vor.\u00a0\u00a0\u00a9\u00a0Norbert Neumann<\/p>\n<p>                        <img decoding=\"async\" class=\"article__img\" alt=\"Die Minoltankstelle an der Bautzner Stra\u00dfe 1993.\" width=\"951\" height=\"634\" loading=\"lazy\" src=\"https:\/\/www.europesays.com\/de\/wp-content\/uploads\/2026\/08\/i2k0kgt75lr7rn2623869kwn2cm81dd8.jpg\"  \/><\/p>\n<p>            Die Minoltankstelle an der Bautzner Stra\u00dfe 1993.\u00a0\u00a0\u00a9\u00a0Michael Weimer\/Deutsche Fotothek<\/p>\n<p>    Nachfolger \u00fcbernimmt Tanke und Mitarbeiter<\/p>\n<p>            <img decoding=\"async\" class=\"article__img\" alt=\"P\u00e4chterin Ute Jautze \u00fcbergibt die Tankstelle an ihren Nachfolger Julien Olschock.\" width=\"951\" height=\"634\" loading=\"lazy\" src=\"https:\/\/www.europesays.com\/de\/wp-content\/uploads\/2026\/08\/t0lduz4bkbndlm1t8jaxswy02jvef0ku.jpg\"  \/><\/p>\n<p>            P\u00e4chterin Ute Jautze \u00fcbergibt die Tankstelle an ihren Nachfolger Julien Olschock.\u00a0\u00a0\u00a9\u00a0Norbert Neumann<\/p>\n<p>Ute Jautze nickt dankbar: &#8222;Ich hatte wirklich sehr viele Stammkunden.&#8220; Ebendiese (und auch drei Mitarbeiter) \u00fcbernimmt nun ab Montag ihr Nachfolger Julien Olschock (40), der seit 2010 bereits eine &#8222;TotalEnergies&#8220;-Tankstelle an der K\u00f6nigsbr\u00fccker Stra\u00dfe betreibt. <\/p>\n<p>&#8222;Durch die r\u00e4umliche N\u00e4he kam der Konzern auf mich zu, fragte an, ob ich die Pacht \u00fcbernehmen will&#8220;, erz\u00e4hlt Olschock. <\/p>\n<p>&#8222;Erst mal bleibt alles so, wie es ist. Aber nat\u00fcrlich sind auch irgendwann E-S\u00e4ulen geplant.&#8220;<\/p>\n<p>                             <a data-aid=\"3527937\" data-atype=\"news\" data-aplacement=\"inread-article\" data-aplacementid=\"3528337\" href=\"https:\/\/www.tag24.de\/dresden\/kultur-leute\/carsten-weidling-feiert-60-geburtstag-in-budapest-ein-persoenlicher-meilenstein-3527937\" rel=\"nofollow noopener\" target=\"_blank\"><img loading=\"lazy\" decoding=\"async\" width=\"85\" height=\"57\" alt=\"Dresden: Sein ber\u00fchmter Vater starb mit 60 Jahren: Weidlings nachdenklicher Geburtstag\" src=\"https:\/\/www.europesays.com\/de\/wp-content\/uploads\/2026\/08\/ufr7mvmovn40pu18r1ot94zynllkifj9.jpg\"\/><\/a><\/p>\n<p>            Dresden Kultur &amp; Leute<br \/>\n                            <a class=\"inread-article__headline\" data-aid=\"3527937\" data-atype=\"news\" data-aplacement=\"inread-article\" data-aplacementid=\"3528337\" href=\"https:\/\/www.tag24.de\/dresden\/kultur-leute\/carsten-weidling-feiert-60-geburtstag-in-budapest-ein-persoenlicher-meilenstein-3527937\" rel=\"nofollow noopener\" target=\"_blank\">Sein ber\u00fchmter Vater starb mit 60 Jahren: Weidlings nachdenklicher Geburtstag<\/a><\/p>\n<p><strong>Ute Jautze kassiert noch einmal ab. Zora Schwarz greift im kuschligen Miniladen nach Gelee-Bananen f\u00fcr 1,95 Euro und lacht: &#8222;Sonst tanke ich Diesel f\u00fcr 190 Euro\u202f&#8230;&#8220; <\/strong><\/p>\n","protected":false},"excerpt":{"rendered":"31.08.2026\u00a018:40 Nach beinahe 30 Jahren an der Zapfs\u00e4ule: Chefin der Kult-Tanke macht endg\u00fcltig Schluss 2027 wird die Kult-Tankstelle&hellip;\n","protected":false},"author":2,"featured_media":1270203,"comment_status":"","ping_status":"","sticky":false,"template":"","format":"standard","meta":{"footnotes":"","_share_on_mastodon":"0"},"categories":[1835],"tags":[3364,29,2386,30,859],"class_list":["post-1272148","post","type-post","status-publish","format-standard","has-post-thumbnail","category-dresden","tag-de","tag-deutschland","tag-dresden","tag-germany","tag-sachsen"],"share_on_mastodon":{"url":"https:\/\/pubeurope.com\/@de\/117191225885066259","error":""},"_links":{"self":[{"href":"https:\/\/www.europesays.com\/de\/wp-json\/wp\/v2\/posts\/1272148","targetHints":{"allow":["GET"]}}],"collection":[{"href":"https:\/\/www.europesays.com\/de\/wp-json\/wp\/v2\/posts"}],"about":[{"href":"https:\/\/www.europesays.com\/de\/wp-json\/wp\/v2\/types\/post"}],"author":[{"embeddable":true,"href":"https:\/\/www.europesays.com\/de\/wp-json\/wp\/v2\/users\/2"}],"replies":[{"embeddable":true,"href":"https:\/\/www.europesays.com\/de\/wp-json\/wp\/v2\/comments?post=1272148"}],"version-history":[{"count":0,"href":"https:\/\/www.europesays.com\/de\/wp-json\/wp\/v2\/posts\/1272148\/revisions"}],"wp:featuredmedia":[{"embeddable":true,"href":"https:\/\/www.europesays.com\/de\/wp-json\/wp\/v2\/media\/1270203"}],"wp:attachment":[{"href":"https:\/\/www.europesays.com\/de\/wp-json\/wp\/v2\/media?parent=1272148"}],"wp:term":[{"taxonomy":"category","embeddable":true,"href":"https:\/\/www.europesays.com\/de\/wp-json\/wp\/v2\/categories?post=1272148"},{"taxonomy":"post_tag","embeddable":true,"href":"https:\/\/www.europesays.com\/de\/wp-json\/wp\/v2\/tags?post=1272148"}],"curies":[{"name":"wp","href":"https:\/\/api.w.org\/{rel}","templated":true}]}}