{"id":1272151,"date":"2026-08-31T17:10:21","date_gmt":"2026-08-31T17:10:21","guid":{"rendered":"https:\/\/www.europesays.com\/de\/1272151\/"},"modified":"2026-08-31T17:10:21","modified_gmt":"2026-08-31T17:10:21","slug":"hsv-war-auch-interessiert-werder-bremen-holt-bundesliga-spieler","status":"publish","type":"post","link":"https:\/\/www.europesays.com\/de\/1272151\/","title":{"rendered":"HSV war auch interessiert: Werder Bremen holt Bundesliga-Spieler"},"content":{"rendered":"<p>Schon am Vortag des Deadline Days geht es hei\u00df her: W\u00e4hrend der HSV mit Zakaria El Ouahdi (Genk) seine Wunschl\u00f6sung f\u00fcr die rechte Schiene verpflichtet, ist auch Rivale Bremen f\u00fcndig geworden. Laut des Sky-Transfer-Experten Florian Plettenberg steht Werder vor eine Leihe (ohne Kaufption) von Bayer Leverkusens Rechtsverteidiger Arthur (23). <\/p>\n<p>Den hatte auch der HSV auf der Liste, f\u00fcr den Fall, dass es mit El Ouhadi nicht geklappt h\u00e4tte. Von einer m\u00fcndlichen Einigung mit Arthur <a href=\"https:\/\/hsv24.mopo.de\/2026\/08\/29\/transfer-experte-hsv-erzielt-muendliche-einigung-mit-erstliga-profi.html\" rel=\"nofollow noopener\" target=\"_blank\">war bereits die Rede.<\/a> Doch nun zieht es den Samba-Verteidiger an die Weser.<\/p>\n","protected":false},"excerpt":{"rendered":"Schon am Vortag des Deadline Days geht es hei\u00df her: W\u00e4hrend der HSV mit Zakaria El Ouahdi (Genk)&hellip;\n","protected":false},"author":2,"featured_media":11023,"comment_status":"","ping_status":"","sticky":false,"template":"","format":"standard","meta":{"footnotes":"","_share_on_mastodon":"0"},"categories":[1824],"tags":[4138,5622,2420,3364,99226,29,30,49496,3127,537,262713],"class_list":["post-1272151","post","type-post","status-publish","format-standard","has-post-thumbnail","category-bremen","tag-arthur","tag-bayer-leverkusen","tag-bremen","tag-de","tag-deadline-day","tag-deutschland","tag-germany","tag-krc-genk","tag-transfer","tag-werder-bremen","tag-zakaria-el-ouahdi"],"share_on_mastodon":{"url":"https:\/\/pubeurope.com\/@de\/117191234519219643","error":""},"_links":{"self":[{"href":"https:\/\/www.europesays.com\/de\/wp-json\/wp\/v2\/posts\/1272151","targetHints":{"allow":["GET"]}}],"collection":[{"href":"https:\/\/www.europesays.com\/de\/wp-json\/wp\/v2\/posts"}],"about":[{"href":"https:\/\/www.europesays.com\/de\/wp-json\/wp\/v2\/types\/post"}],"author":[{"embeddable":true,"href":"https:\/\/www.europesays.com\/de\/wp-json\/wp\/v2\/users\/2"}],"replies":[{"embeddable":true,"href":"https:\/\/www.europesays.com\/de\/wp-json\/wp\/v2\/comments?post=1272151"}],"version-history":[{"count":0,"href":"https:\/\/www.europesays.com\/de\/wp-json\/wp\/v2\/posts\/1272151\/revisions"}],"wp:featuredmedia":[{"embeddable":true,"href":"https:\/\/www.europesays.com\/de\/wp-json\/wp\/v2\/media\/11023"}],"wp:attachment":[{"href":"https:\/\/www.europesays.com\/de\/wp-json\/wp\/v2\/media?parent=1272151"}],"wp:term":[{"taxonomy":"category","embeddable":true,"href":"https:\/\/www.europesays.com\/de\/wp-json\/wp\/v2\/categories?post=1272151"},{"taxonomy":"post_tag","embeddable":true,"href":"https:\/\/www.europesays.com\/de\/wp-json\/wp\/v2\/tags?post=1272151"}],"curies":[{"name":"wp","href":"https:\/\/api.w.org\/{rel}","templated":true}]}}