{"id":1272152,"date":"2026-08-31T17:11:33","date_gmt":"2026-08-31T17:11:33","guid":{"rendered":"https:\/\/www.europesays.com\/de\/1272152\/"},"modified":"2026-08-31T17:11:33","modified_gmt":"2026-08-31T17:11:33","slug":"letzte-chance-nur-noch-10-ausstellungs-kuechen-fuer-1-e-bei-beyhoff-home-company-verfuegbar-wir-lieben-bottrop","status":"publish","type":"post","link":"https:\/\/www.europesays.com\/de\/1272152\/","title":{"rendered":"Letzte Chance: Nur noch 10 Ausstellungs-K\u00fcchen f\u00fcr 1 \u20ac bei Beyhoff Home Company verf\u00fcgbar! \u2013 Wir lieben Bottrop"},"content":{"rendered":"<p>\t\t\t\t\t\t\t<img fetchpriority=\"high\" width=\"1500\" height=\"1500\" src=\"https:\/\/www.europesays.com\/de\/wp-content\/uploads\/2026\/08\/Beyhoff-1-Euro-Kuechen-Abverkauf.jpg\" class=\"attachment-full size-full wp-post-image\" alt=\"\" decoding=\"async\"  \/><\/p>\n<p class=\"MsoNormal\"><b>Vor kurzem startete Beyhoff Home Company seine spektakul\u00e4re Abverkaufsaktion mit 20 Ausstellungsk\u00fcchen zum Symbolpreis von nur einem Euro. Innerhalb k\u00fcrzester Zeit ist nun die H\u00e4lfte der Modelle vergriffen. F\u00fcr Schn\u00e4ppchenj\u00e4ger und angehende Hausbesitzer in der Region hei\u00dft es jetzt: Letzte Chance sichern.<\/b><\/p>\n<p><a href=\"https:\/\/www.europesays.com\/de\/wp-content\/uploads\/2026\/08\/2632_Beyhoff_1Euro-Kueche_Web-Banner_696x150px.jpg\" data-wpel-link=\"internal\"><img loading=\"lazy\" decoding=\"async\" width=\"696\" height=\"150\" src=\"https:\/\/www.europesays.com\/de\/wp-content\/uploads\/2026\/08\/2632_Beyhoff_1Euro-Kueche_Web-Banner_696x150px.jpg\" alt=\"\" class=\"wp-image-96316\"  \/><\/a><\/p>\n<p class=\"MsoNormal\">Zahlreiche Kunden nutzten in den vergangenen Tagen die Gelegenheit, um hochwertige K\u00fcchenm\u00f6bel nahezu geschenkt zu ergattern. Nun geht die Aktion in den Endspurt \u2013 exakt zehn K\u00fcchen sind noch zu haben.<\/p>\n<p class=\"MsoNormal\">\u201eWir sind \u00fcberw\u00e4ltigt, wie gut die Aktion angenommen wird\u201c, zieht Pierre Weitenh\u00f6fer, Abteilungsleiter der K\u00fcchenabteilung, eine erste Zwischenbilanz. \u201eDie ersten zehn K\u00fcchen waren ruckzuck weg. Wer bisher noch gez\u00f6gert hat, sollte jetzt wirklich keine Zeit mehr verlieren. Bei den verbleibenden zehn Ausstellungsst\u00fccken gilt mehr denn je: Wenn weg, dann weg!\u201c<\/p>\n<p class=\"MsoNormal\"><b>Ehrliche Konditionen: Top-K\u00fcchenm\u00f6bel f\u00fcr 1 \u20ac, zugeh\u00f6rige Einbauger\u00e4te zum regul\u00e4ren Preis<\/b><\/p>\n<p class=\"MsoNormal\">Das Prinzip bleibt auch f\u00fcr die verbleibenden zehn K\u00fcchen unver\u00e4ndert transparent. Wer sich eines der reduzierten Modelle sichert, zahlt f\u00fcr die gesamten Holzteile und die Schr\u00e4nke exakt 1,- Euro. Die Voraussetzung ist weiterhin der Kauf der in der jeweiligen K\u00fcche verbauten Marken-Elektroger\u00e4te und des Zubeh\u00f6rs zum regul\u00e4ren Listenpreis.<\/p>\n<p class=\"MsoNormal\">\u201eViele Kunden haben uns zur\u00fcckgemeldet, wie begeistert sie von der Transparenz dieser Aktion sind\u201c, so Weitenh\u00f6fer. \u201eMan spart weiterhin einen riesigen Betrag beim M\u00f6belteil und bekommt daf\u00fcr eine traumhafte, voll ausgestattete Einbauk\u00fcche. Wer m\u00f6chte, nutzt dazu einfach unseren Komplettservice f\u00fcr Aufma\u00df, Lieferung und Montage gegen einen fairen Aufpreis.\u201c<\/p>\n<p class=\"MsoNormal\"><b>Finale Chance f\u00fcr Spontane<\/b><\/p>\n<p class=\"MsoNormal\">Da es sich bei den verbleibenden Ausstellungsst\u00fccken um Unikate verschiedener Stilrichtungen \u2013 von modern-minimalistisch bis hin zum gem\u00fctlichen Landhausstil \u2013 handelt, lohnt sich ein spontaner Besuch in der K\u00fcchenabteilung von Beyhoff Home Company.<\/p>\n<p class=\"MsoNormal\">\u201eEs sind noch absolut traumhafte Modelle im Rennen, aber das Kontingent schrumpft st\u00fcndlich\u201c, betont K\u00fcchenleiter Pierre Weitenh\u00f6fer abschlie\u00dfend. \u201eIch kann jedem Interessierten nur raten: Kommen Sie heute noch vorbei oder reservieren Sie sich sofort online einen Beratungstermin!\u201c<\/p>\n<p class=\"MsoNormal\">Hier Beratungstermin buchen:\u00a0<a href=\"https:\/\/homecompany-moebel.com\/stores\/beyhoff\/kuechen-fuer-1-euro\/\" data-wpel-link=\"external\" target=\"_blank\" rel=\"external noopener noreferrer nofollow\">beyhoff\/kuechen-fuer-1-euro\/<\/a><\/p>\n","protected":false},"excerpt":{"rendered":"Vor kurzem startete Beyhoff Home Company seine spektakul\u00e4re Abverkaufsaktion mit 20 Ausstellungsk\u00fcchen zum Symbolpreis von nur einem Euro.&hellip;\n","protected":false},"author":2,"featured_media":1272153,"comment_status":"","ping_status":"","sticky":false,"template":"","format":"standard","meta":{"footnotes":"","_share_on_mastodon":"0"},"categories":[1834],"tags":[3364,29,3688,30,1209],"class_list":["post-1272152","post","type-post","status-publish","format-standard","has-post-thumbnail","category-essen","tag-de","tag-deutschland","tag-essen","tag-germany","tag-nordrhein-westfalen"],"share_on_mastodon":{"url":"https:\/\/pubeurope.com\/@de\/117191240213906732","error":""},"_links":{"self":[{"href":"https:\/\/www.europesays.com\/de\/wp-json\/wp\/v2\/posts\/1272152","targetHints":{"allow":["GET"]}}],"collection":[{"href":"https:\/\/www.europesays.com\/de\/wp-json\/wp\/v2\/posts"}],"about":[{"href":"https:\/\/www.europesays.com\/de\/wp-json\/wp\/v2\/types\/post"}],"author":[{"embeddable":true,"href":"https:\/\/www.europesays.com\/de\/wp-json\/wp\/v2\/users\/2"}],"replies":[{"embeddable":true,"href":"https:\/\/www.europesays.com\/de\/wp-json\/wp\/v2\/comments?post=1272152"}],"version-history":[{"count":0,"href":"https:\/\/www.europesays.com\/de\/wp-json\/wp\/v2\/posts\/1272152\/revisions"}],"wp:featuredmedia":[{"embeddable":true,"href":"https:\/\/www.europesays.com\/de\/wp-json\/wp\/v2\/media\/1272153"}],"wp:attachment":[{"href":"https:\/\/www.europesays.com\/de\/wp-json\/wp\/v2\/media?parent=1272152"}],"wp:term":[{"taxonomy":"category","embeddable":true,"href":"https:\/\/www.europesays.com\/de\/wp-json\/wp\/v2\/categories?post=1272152"},{"taxonomy":"post_tag","embeddable":true,"href":"https:\/\/www.europesays.com\/de\/wp-json\/wp\/v2\/tags?post=1272152"}],"curies":[{"name":"wp","href":"https:\/\/api.w.org\/{rel}","templated":true}]}}