{"id":1272154,"date":"2026-08-31T17:13:16","date_gmt":"2026-08-31T17:13:16","guid":{"rendered":"https:\/\/www.europesays.com\/de\/1272154\/"},"modified":"2026-08-31T17:13:16","modified_gmt":"2026-08-31T17:13:16","slug":"awz-aus-fuer-robin-schick-darum-verlaesst-elias-jetzt-essen","status":"publish","type":"post","link":"https:\/\/www.europesays.com\/de\/1272154\/","title":{"rendered":"AWZ-Aus f\u00fcr Robin Schick! Darum verl\u00e4sst Elias jetzt Essen"},"content":{"rendered":"<p>Achtung, Spoiler! AWZ-Aus f\u00fcr Robin Schick! Darum verl\u00e4sst Elias jetzt Essen<\/p>\n<p class=\"AnnotatedMarkup_paragraph__IUT9l\"><strong>Dieser Abschied tut richtig weh! <\/strong><br \/>F\u00fcr Elias (Robin Schick) hei\u00dft es bei \u201eAlles was z\u00e4hlt\u201c: Koffer packen und Lebewohl sagen. Ausgerechnet seine gro\u00dfe Liebe Leyla (Suri Abbassi) muss er daf\u00fcr zur\u00fccklassen. Denn Elias steht vor einer Entscheidung, die sein ganzes Leben ver\u00e4ndern k\u00f6nnte und entscheidet sich am Ende f\u00fcr seinen gr\u00f6\u00dften Traum. Wie sich der Schauspieler verabschiedet, gibt es schon jetzt in unserem Spoiler-Video zu sehen.<\/p>\n<p>Elias muss sich zwischen Leyla und seinem Traum entscheiden<\/p>\n<p class=\"AnnotatedMarkup_paragraph__IUT9l\">Eigentlich k\u00f6nnte f\u00fcr <a href=\"https:\/\/www.rtl.de\/sendungen\/alles-was-zaehlt\/videos\/awz-vorschau-vom-30-juli-bei-rtl-verraet-elias-leyla-endlich-die-wahrheit-6a58e173fd268140e204cd32.html\" target=\"_self\" rel=\"nofollow noopener\">Elias<\/a> alles perfekt sein. Mit <a href=\"https:\/\/www.rtl.de\/cms\/awz-suri-abbassi-spielt-leyla-oeztuerk-4715498.html\" target=\"_self\" rel=\"nofollow noopener\">Leyla<\/a> hat er eine Frau an seiner Seite, die er liebt. Doch da ist noch etwas anderes, das ihn schon lange antreibt: sein gro\u00dfer Traum vom Profisport. \u201eF\u00fcr Elias war es einfach schon immer ein Traum, Profisportler zu sein\u201c, erkl\u00e4rt Schauspieler Robin Schick. F\u00fcr seine Karriere muss Elias nach Florida und damit weg aus Essen und vor allem weg von Leyla. Eine Entscheidung, die ihm alles andere als leichtf\u00e4llt.<\/p>\n<p><img alt=\"Alles was z\u00e4hlt\" fetchpriority=\"auto\" loading=\"lazy\" width=\"615\" height=\"346\" decoding=\"async\" data-nimg=\"1\" class=\"Image_image__SdgLQ RtlPlusContent_image__Gbn0N\" style=\"color:transparent\"   src=\"https:\/\/www.europesays.com\/de\/wp-content\/uploads\/2026\/07\/1784695581_454_alles-was-zaehlt.webp\"\/><\/p>\n<p class=\"AnnotatedMarkup_paragraph__IUT9l\">Denn w\u00e4hrend Leyla zur\u00fcckbleibt, soll Elias in den USA zeigen, was in ihm steckt. Sie macht ihm Mut: \u201eDu zeigst in Florida allen, was du drauf hast.\u201c Doch sp\u00e4testens bei ihrem Abschied wird klar, wie schwer dieser Schritt f\u00fcr beide wirklich ist. Leyla sagt zu ihm: \u201eIch werde dich immer lieben.\u201c Elias\u2019 Antwort: \u201eIch dich auch.\u201c<\/p>\n<p>Robin Schick \u00fcber Elias\u2019 Abschied: \u201eLeyla ist seine gro\u00dfe Liebe!\u201c<\/p>\n<p class=\"AnnotatedMarkup_paragraph__IUT9l\">Liebe oder Karriere? F\u00fcr Elias gibt es am Ende nur einen Weg. \u201eEs ist sehr, sehr schwierig f\u00fcr ihn, weil Leyla seine gro\u00dfe Liebe ist. Aber er entscheidet sich letztendlich f\u00fcr seinen Traum\u201c, verr\u00e4t Robin Schick.<\/p>\n<p class=\"AnnotatedMarkup_paragraph__IUT9l\">Damit hei\u00dft es f\u00fcr den Schauspieler vorerst Abschied nehmen von \u201eAlles was z\u00e4hlt\u201c und f\u00fcr Elias von seinem bisherigen Leben in Essen. Ob die Liebe zu Leyla die gro\u00dfe Entfernung \u00fcbersteht? Das wird sich zeigen. Sicher ist nur: Dieser Abschied d\u00fcrfte bei den AWZ-Fans f\u00fcr reichlich Herzschmerz sorgen.<\/p>\n<p class=\"AnnotatedMarkup_paragraph__IUT9l\">Verwendete Quellen: RTL<\/p>\n","protected":false},"excerpt":{"rendered":"Achtung, Spoiler! AWZ-Aus f\u00fcr Robin Schick! Darum verl\u00e4sst Elias jetzt Essen Dieser Abschied tut richtig weh! F\u00fcr Elias&hellip;\n","protected":false},"author":2,"featured_media":1272155,"comment_status":"","ping_status":"","sticky":false,"template":"","format":"standard","meta":{"footnotes":"","_share_on_mastodon":"0"},"categories":[1834],"tags":[2303,6261,6259,6262,3364,29,214,3688,30,1209,73000,1806,1808,6260,59266,684,215],"class_list":["post-1272154","post","type-post","status-publish","format-standard","has-post-thumbnail","category-essen","tag-alles-was-zaehlt","tag-alles-was-zaehlt-vorschau","tag-awz","tag-awz-vorschau","tag-de","tag-deutschland","tag-entertainment","tag-essen","tag-germany","tag-nordrhein-westfalen","tag-robin-schick","tag-serie","tag-soap","tag-steinkamp-zentrum","tag-suri-abbassi","tag-tv","tag-unterhaltung"],"share_on_mastodon":{"url":"","error":""},"_links":{"self":[{"href":"https:\/\/www.europesays.com\/de\/wp-json\/wp\/v2\/posts\/1272154","targetHints":{"allow":["GET"]}}],"collection":[{"href":"https:\/\/www.europesays.com\/de\/wp-json\/wp\/v2\/posts"}],"about":[{"href":"https:\/\/www.europesays.com\/de\/wp-json\/wp\/v2\/types\/post"}],"author":[{"embeddable":true,"href":"https:\/\/www.europesays.com\/de\/wp-json\/wp\/v2\/users\/2"}],"replies":[{"embeddable":true,"href":"https:\/\/www.europesays.com\/de\/wp-json\/wp\/v2\/comments?post=1272154"}],"version-history":[{"count":0,"href":"https:\/\/www.europesays.com\/de\/wp-json\/wp\/v2\/posts\/1272154\/revisions"}],"wp:featuredmedia":[{"embeddable":true,"href":"https:\/\/www.europesays.com\/de\/wp-json\/wp\/v2\/media\/1272155"}],"wp:attachment":[{"href":"https:\/\/www.europesays.com\/de\/wp-json\/wp\/v2\/media?parent=1272154"}],"wp:term":[{"taxonomy":"category","embeddable":true,"href":"https:\/\/www.europesays.com\/de\/wp-json\/wp\/v2\/categories?post=1272154"},{"taxonomy":"post_tag","embeddable":true,"href":"https:\/\/www.europesays.com\/de\/wp-json\/wp\/v2\/tags?post=1272154"}],"curies":[{"name":"wp","href":"https:\/\/api.w.org\/{rel}","templated":true}]}}