{"id":1272164,"date":"2026-08-31T17:18:17","date_gmt":"2026-08-31T17:18:17","guid":{"rendered":"https:\/\/www.europesays.com\/de\/1272164\/"},"modified":"2026-08-31T17:18:17","modified_gmt":"2026-08-31T17:18:17","slug":"21-10-2026-23-10-2026-3d-stift-workshop-in-oberkassel","status":"publish","type":"post","link":"https:\/\/www.europesays.com\/de\/1272164\/","title":{"rendered":"21.10.2026 &#8211; 23.10.2026 | 3D-Stift Workshop in Oberkassel"},"content":{"rendered":"<p><strong>Halloween mit dem 3D-Stift<\/strong><\/p>\n<p>In unserem dreiteiligen Ferienworkshop lernt ihr nicht nur, wie ihr den 3D-Stift handhabt, wir zeigen euch au\u00dferdem, wie ihr es schafft, tolle Objekte nach euren eigenen Ideen zu gestalten. Anschlie\u00dfend d\u00fcrft ihr eure Werke nat\u00fcrlich mit nach Hause nehmen.<\/p>\n<p>F\u00fcr Kinder und Jugendliche ab 10 Jahren.<\/p>\n<p>Es ist f\u00fcr den Workshop notwendig an allen drei Tagen anwesend zu sein.<\/p>\n<p>Die Teilnahme ist frei, eine Anmeldung ist erforderlich unter 0211 &#8211; 8994108 oder <a href=\"#\" title=\"stboberkassel@duesseldorf.de\" class=\"link-mail\" data-mailto-token=\"nbjmup+tucpcfslbttfmAevfttfmepsg\/ef\" data-mailto-vector=\"1\">stboberkassel@duesseldorf.de<\/a>.<\/p>\n<p>Stadtb\u00fccherei Oberkassel, Luegallee 65.<\/p>\n","protected":false},"excerpt":{"rendered":"Halloween mit dem 3D-Stift In unserem dreiteiligen Ferienworkshop lernt ihr nicht nur, wie ihr den 3D-Stift handhabt, wir&hellip;\n","protected":false},"author":2,"featured_media":1272165,"comment_status":"","ping_status":"","sticky":false,"template":"","format":"standard","meta":{"footnotes":"","_share_on_mastodon":"0"},"categories":[1831],"tags":[36322,3364,29,3405,36325,36324,36323,30,25486,36321,36326,36327,1209,8862,3866],"class_list":["post-1272164","post","type-post","status-publish","format-standard","has-post-thumbnail","category-duesseldorf","tag-book-dating","tag-de","tag-deutschland","tag-duesseldorf","tag-duesseldorfer-literaturkonzerte","tag-forum-hobby-schreiben","tag-frisch-gepresst","tag-germany","tag-kalender","tag-lesungen","tag-montagsprosa","tag-musik-im-gespraech","tag-nordrhein-westfalen","tag-termine","tag-veranstaltungen"],"share_on_mastodon":{"url":"https:\/\/pubeurope.com\/@de\/117191265724354633","error":""},"_links":{"self":[{"href":"https:\/\/www.europesays.com\/de\/wp-json\/wp\/v2\/posts\/1272164","targetHints":{"allow":["GET"]}}],"collection":[{"href":"https:\/\/www.europesays.com\/de\/wp-json\/wp\/v2\/posts"}],"about":[{"href":"https:\/\/www.europesays.com\/de\/wp-json\/wp\/v2\/types\/post"}],"author":[{"embeddable":true,"href":"https:\/\/www.europesays.com\/de\/wp-json\/wp\/v2\/users\/2"}],"replies":[{"embeddable":true,"href":"https:\/\/www.europesays.com\/de\/wp-json\/wp\/v2\/comments?post=1272164"}],"version-history":[{"count":0,"href":"https:\/\/www.europesays.com\/de\/wp-json\/wp\/v2\/posts\/1272164\/revisions"}],"wp:featuredmedia":[{"embeddable":true,"href":"https:\/\/www.europesays.com\/de\/wp-json\/wp\/v2\/media\/1272165"}],"wp:attachment":[{"href":"https:\/\/www.europesays.com\/de\/wp-json\/wp\/v2\/media?parent=1272164"}],"wp:term":[{"taxonomy":"category","embeddable":true,"href":"https:\/\/www.europesays.com\/de\/wp-json\/wp\/v2\/categories?post=1272164"},{"taxonomy":"post_tag","embeddable":true,"href":"https:\/\/www.europesays.com\/de\/wp-json\/wp\/v2\/tags?post=1272164"}],"curies":[{"name":"wp","href":"https:\/\/api.w.org\/{rel}","templated":true}]}}