{"id":1272168,"date":"2026-08-31T17:20:16","date_gmt":"2026-08-31T17:20:16","guid":{"rendered":"https:\/\/www.europesays.com\/de\/1272168\/"},"modified":"2026-08-31T17:20:16","modified_gmt":"2026-08-31T17:20:16","slug":"baustelle-auf-hess-areal-beim-bahnhof-waiblingen-wann-kommt-man-wieder-durch-nachrichten-aus-waiblingen","status":"publish","type":"post","link":"https:\/\/www.europesays.com\/de\/1272168\/","title":{"rendered":"Baustelle auf Hess-Areal beim Bahnhof Waiblingen: Wann kommt man wieder durch? &#8211; Nachrichten aus Waiblingen"},"content":{"rendered":"<p><strong>Waiblingen.<\/strong> Ein privates Stra\u00dfenbauprojekt n\u00e4hert sich dem Ende: Noch sind der neue Kreisverkehr in der Dieselstra\u00dfe und der neue Fu\u00dfweg vom Diakonie-Campus in der Hermann-Hess-Stra\u00dfe zum Bahnhof Waiblingen mit Bauz\u00e4unen abgesperrt. Doch bald k\u00f6nnten die Wege f\u00fcr manche im Ameisenb\u00fchl wieder deutlich k\u00fcrzer sein. So ist der Stand auf dem Hess-Areal.<\/p>\n<p>Ziegelei-Areal mit \u201eBrotsucht\u201c bald von allen Seiten erreichbar<\/p>\n<p>Aktuell laufen die letzten Arbeiten am<\/p>\n","protected":false},"excerpt":{"rendered":"Waiblingen. Ein privates Stra\u00dfenbauprojekt n\u00e4hert sich dem Ende: Noch sind der neue Kreisverkehr in der Dieselstra\u00dfe und der&hellip;\n","protected":false},"author":2,"featured_media":1272169,"comment_status":"","ping_status":"","sticky":false,"template":"","format":"standard","meta":{"footnotes":"","_share_on_mastodon":"0"},"categories":[1830],"tags":[77374,15997,1634,2037,262719,149508,2925,3364,29,107615,61044,30,219595,158248,149509,25730,21634,19660,8733,156946,262720,91419,16127,524,1441,191400,9887,262721,262722],"class_list":["post-1272168","post","type-post","status-publish","format-standard","has-post-thumbnail","category-stuttgart","tag-ameisenbuehl","tag-amg","tag-baden-wuerttemberg","tag-bahnhof","tag-bbw","tag-brotsucht","tag-daimler","tag-de","tag-deutschland","tag-dieselstrasse","tag-fussweg","tag-germany","tag-hermann-hess-strasse","tag-hess","tag-hess-areal","tag-kreisverkehr","tag-max-eyth-strasse","tag-maybachstrasse","tag-radweg","tag-raum-42","tag-raum42","tag-reithalle","tag-stellwerk","tag-strasse","tag-stuttgart","tag-un_was-gibt-es-neues","tag-waiblingen","tag-ziegelei","tag-ziegelei21"],"share_on_mastodon":{"url":"https:\/\/pubeurope.com\/@de\/117191273815109547","error":""},"_links":{"self":[{"href":"https:\/\/www.europesays.com\/de\/wp-json\/wp\/v2\/posts\/1272168","targetHints":{"allow":["GET"]}}],"collection":[{"href":"https:\/\/www.europesays.com\/de\/wp-json\/wp\/v2\/posts"}],"about":[{"href":"https:\/\/www.europesays.com\/de\/wp-json\/wp\/v2\/types\/post"}],"author":[{"embeddable":true,"href":"https:\/\/www.europesays.com\/de\/wp-json\/wp\/v2\/users\/2"}],"replies":[{"embeddable":true,"href":"https:\/\/www.europesays.com\/de\/wp-json\/wp\/v2\/comments?post=1272168"}],"version-history":[{"count":0,"href":"https:\/\/www.europesays.com\/de\/wp-json\/wp\/v2\/posts\/1272168\/revisions"}],"wp:featuredmedia":[{"embeddable":true,"href":"https:\/\/www.europesays.com\/de\/wp-json\/wp\/v2\/media\/1272169"}],"wp:attachment":[{"href":"https:\/\/www.europesays.com\/de\/wp-json\/wp\/v2\/media?parent=1272168"}],"wp:term":[{"taxonomy":"category","embeddable":true,"href":"https:\/\/www.europesays.com\/de\/wp-json\/wp\/v2\/categories?post=1272168"},{"taxonomy":"post_tag","embeddable":true,"href":"https:\/\/www.europesays.com\/de\/wp-json\/wp\/v2\/tags?post=1272168"}],"curies":[{"name":"wp","href":"https:\/\/api.w.org\/{rel}","templated":true}]}}