{"id":1272170,"date":"2026-08-31T17:21:20","date_gmt":"2026-08-31T17:21:20","guid":{"rendered":"https:\/\/www.europesays.com\/de\/1272170\/"},"modified":"2026-08-31T17:21:20","modified_gmt":"2026-08-31T17:21:20","slug":"vfb-stuttgart-er-schaute-sich-das-training-an-juergen-klopp-ueberraschend-beim-vfb-sport","status":"publish","type":"post","link":"https:\/\/www.europesays.com\/de\/1272170\/","title":{"rendered":"VfB Stuttgart: Er schaute sich das Training an: J\u00fcrgen Klopp \u00fcberraschend beim VfB | Sport"},"content":{"rendered":"<p><a class=\"skip-content skip-content--link\" href=\"#in-content-skip-link-target-v-0-0\">TTS-Player \u00fcberspringen\u21b5<\/a><a id=\"in-content-skip-link-target-v-0-0\" class=\"skip-content--target-link-hidden skip-content skip-content--target-link\" href=\"#in-content-skip-link-target-v-0-0\">Artikel weiterlesen<\/a><\/p>\n<p>Stuttgart \u2013 <b>Ein neues Gesicht beim VfB Stuttgart. Am Montagnachmittag tauchte auf dem Trainingsgel\u00e4nde beim VfB pl\u00f6tzlich Bundestrainer J\u00fcrgen Klopp (59) auf! Der neue DFB-Coach ist aktuell auf gro\u00dfer Antritts-Tour und nutzte den Termin in Stuttgart f\u00fcr viele Gespr\u00e4che.<\/b><\/p>\n<p>Am Freitag war Klopp bei Stuttgarts Bundesliga-Auftakt-Pleite bei den Bayern (1:5) im Stadion vor Ort. Dort k\u00fcndigte der Ex-Liverpool-Meistertrainer an, in den kommenden Tagen auf Besuchsrunde zu gehen. Sonntagmittag war Klopp bei den Bayern zu Gast, schaute sich das Vormittagstraining an und blieb dann zu Gespr\u00e4chen beim Rekordmeister.<\/p>\n<p>\u00c4hnliches Programm stand am Montag in Stuttgart auf dem Plan. Die Nachmittagseinheit verfolgte Klopp neben VfB-Sportvorstand Fabian Wohlgemuth (47) und Sportdirektor Christian Gentner (41). Nach dem Training lief Klopp um 15.36 Uhr gemeinsam mit VfB-Coach Sebastian Hoene\u00df in die Stuttgarter Gesch\u00e4ftsstelle. Auch mit einigen Spielern soll der Bundestrainer gesprochen haben.<\/p>\n<p><img decoding=\"async\" width=\"992\" height=\"558\" alt=\"VfB-Sportdirektor Christian Gentner (41\/v.l.), Sportvorstand Fabian Wohlgemuth (47), Bundestrainer J\u00fcrgen Klopp (59) und VfB-Coach Sebastian Hoene\u00df (44)\" loading=\"lazy\" src=\"https:\/\/www.europesays.com\/de\/wp-content\/uploads\/2026\/08\/651ab2073d4b54aa3d48e7fe3ff8fca9,88a584ef.jpeg\"   class=\"landscape\"\/><\/p>\n<p class=\"fig__caption__text\">VfB-Sportdirektor Christian Gentner (41\/v.l.), Sportvorstand Fabian Wohlgemuth (47), Bundestrainer J\u00fcrgen Klopp (59) und VfB-Coach Sebastian Hoene\u00df (44)<\/p>\n<p>Foto: VfB Stuttgart 1893<\/p>\n<p>Ab dem 21. September steht der erste DFB-Lehrgang mit dem neuen Bundestrainer an \u2013 mit den L\u00e4nderspielen gegen die Niederlande (24. September), Griechenland (27. September und 4. Oktober) und Serbien (1. Oktober).<\/p>\n<p>Mehr zum Thema<\/p>\n<p>Beim VfB kann sich unter anderem Sturm-Neuzugang Dzenan Pejcinovic (21) f\u00fcr eine Deb\u00fct-Nominierung empfehlen. Klopp hat den Angreifer auf dem Zettel. Daraus machte der Bundestrainer auch kein Geheimnis. Er sagte am Freitag in M\u00fcnchen bei Sat.1: \u201eDzenan wei\u00df das jetzt, weil ich gesagt habe: Wenn ich in Stuttgart bin, treffen wir uns.\u201c<\/p>\n<p>Neben dem Mittelst\u00fcrmer kann sich auch Innenverteidiger-Talent Finn Jeltsch (20) Hoffnung auf eine erste A-Nationalmannschafts-Nominierung machen. Neben den Talenten d\u00fcrften die Stars um Deniz Undav (30) und Angelo Stiller (25) gesetzt bleiben. Auch Maximilian Mittelst\u00e4dt (29) und Chris F\u00fchrich (28) k\u00f6nnen sich Hoffnung machen. Gleiches gilt f\u00fcr Jamie Leweling (25), sofern er den VfB am Deadline-Day nicht doch noch in Richtung Rom verl\u00e4sst\u2026<\/p>\n","protected":false},"excerpt":{"rendered":"TTS-Player \u00fcberspringen\u21b5Artikel weiterlesen Stuttgart \u2013 Ein neues Gesicht beim VfB Stuttgart. Am Montagnachmittag tauchte auf dem Trainingsgel\u00e4nde beim&hellip;\n","protected":false},"author":2,"featured_media":1272171,"comment_status":"","ping_status":"","sticky":false,"template":"","format":"standard","meta":{"footnotes":"","_share_on_mastodon":"0"},"categories":[1830],"tags":[1263,1634,3364,1260,29,481,538,347,30,7645,1470,1441,1576],"class_list":["post-1272170","post","type-post","status-publish","format-standard","has-post-thumbnail","category-stuttgart","tag-aufmacher-bereich","tag-baden-wuerttemberg","tag-de","tag-deutsche-nationalmannschaft","tag-deutschland","tag-dfb","tag-erste-bundesliga","tag-fussball","tag-germany","tag-klopp-juergen","tag-sport-leuchtturm-muenchen","tag-stuttgart","tag-super-a-teaser"],"share_on_mastodon":{"url":"https:\/\/pubeurope.com\/@de\/117191279846942821","error":""},"_links":{"self":[{"href":"https:\/\/www.europesays.com\/de\/wp-json\/wp\/v2\/posts\/1272170","targetHints":{"allow":["GET"]}}],"collection":[{"href":"https:\/\/www.europesays.com\/de\/wp-json\/wp\/v2\/posts"}],"about":[{"href":"https:\/\/www.europesays.com\/de\/wp-json\/wp\/v2\/types\/post"}],"author":[{"embeddable":true,"href":"https:\/\/www.europesays.com\/de\/wp-json\/wp\/v2\/users\/2"}],"replies":[{"embeddable":true,"href":"https:\/\/www.europesays.com\/de\/wp-json\/wp\/v2\/comments?post=1272170"}],"version-history":[{"count":0,"href":"https:\/\/www.europesays.com\/de\/wp-json\/wp\/v2\/posts\/1272170\/revisions"}],"wp:featuredmedia":[{"embeddable":true,"href":"https:\/\/www.europesays.com\/de\/wp-json\/wp\/v2\/media\/1272171"}],"wp:attachment":[{"href":"https:\/\/www.europesays.com\/de\/wp-json\/wp\/v2\/media?parent=1272170"}],"wp:term":[{"taxonomy":"category","embeddable":true,"href":"https:\/\/www.europesays.com\/de\/wp-json\/wp\/v2\/categories?post=1272170"},{"taxonomy":"post_tag","embeddable":true,"href":"https:\/\/www.europesays.com\/de\/wp-json\/wp\/v2\/tags?post=1272170"}],"curies":[{"name":"wp","href":"https:\/\/api.w.org\/{rel}","templated":true}]}}