{"id":1272198,"date":"2026-08-31T17:37:38","date_gmt":"2026-08-31T17:37:38","guid":{"rendered":"https:\/\/www.europesays.com\/de\/1272198\/"},"modified":"2026-08-31T17:37:38","modified_gmt":"2026-08-31T17:37:38","slug":"daniela-katzenberger-tochter-sophia-muss-ihre-comedy-show-verlassen","status":"publish","type":"post","link":"https:\/\/www.europesays.com\/de\/1272198\/","title":{"rendered":"Daniela Katzenberger: Tochter Sophia muss ihre Comedy-Show verlassen"},"content":{"rendered":"<p>&#8222;Ist meine Tochter weg?&#8220; <\/p>\n<p>Sophia muss Katzenbergers Premiere vorzeitig verlassen<\/p>\n<p>31.08.2026 &#8211; 13:24 UhrLesedauer: 2 Min.<\/p>\n<p><a href=\"#focus-0\" class=\"transition-colors block text-current relative\" data-sctrack=\"FocusGalleryImage.Reference\"><img fetchpriority=\"high\" data-testid=\"Opener.Image\"   loading=\"eager\" src=\"https:\/\/www.europesays.com\/de\/wp-content\/uploads\/2026\/08\/daniela-katzenberger-sie-stand-kuerzlich-erstmals-mit-ihrem-comedyprogramm-auf-der-buehne.jpg\" alt=\"Daniela Katzenberger: Sie stand k\u00fcrzlich erstmals mit ihrem Comedyprogramm auf der B\u00fchne.\" title=\"Daniela Katzenberger: Sie stand k\u00fcrzlich erstmals mit ihrem Comedyprogramm auf der B\u00fchne.\" width=\"3886\" height=\"2186\" class=\"bg-[url:var(--lqipURL)] bg-cover bg-center flex h-full w-full max-w-full\" style=\"--lqipURL:url('https:\/\/images.t-online.de\/2026\/08\/OOwd8PTl-XtZ\/59x168:3886x2186\/fit-in\/150x0\/filters:blur(25)\/daniela-katzenberger-sie-stand-kuerzlich-erstmals-mit-ihrem-comedyprogramm-auf-der-buehne.jpg')\" decoding=\"async\"\/><img loading=\"lazy\" src=\"https:\/\/www.t-online.de\/s\/paper\/_next\/static\/media\/zoom-in.f7dae02f.svg\" alt=\"Vergr\u00f6\u00dfern des Bildes\" title=\"Vergr\u00f6\u00dfern des Bildes\" class=\"block h-[calc(var(--height)_\/_16_*_1rem)] w-[calc(var(--width)_\/_16_*_1rem)] max-w-none absolute right-8 bottom-8 rounded-4 bg-snow p-8\" style=\"--width:32;--height:32\" decoding=\"async\"\/><\/a><\/p>\n<p>Daniela Katzenberger: Sie stand k\u00fcrzlich erstmals mit ihrem Comedyprogramm auf der B\u00fchne. (Quelle: IMAGO\/Christoph Hardt)<\/p>\n<p><img loading=\"lazy\" src=\"https:\/\/www.t-online.de\/s\/paper\/_next\/static\/media\/audio-volume.6689034c.svg\" alt=\"\" title=\"\" class=\"block h-[calc(var(--height)_\/_16_*_1rem)] w-[calc(var(--width)_\/_16_*_1rem)] max-w-none group-hover:brightness-0 group-hover:invert\" style=\"--width:16;--height:16\" decoding=\"async\"\/>Vorlesen<\/p>\n<p>Aktuelle Zeit:0:00Gesamtdauer:0:00<\/p>\n<p>1x<img loading=\"lazy\" src=\"https:\/\/www.t-online.de\/s\/paper\/_next\/static\/media\/font-sizes.32942e33.svg\" alt=\"\" title=\"\" class=\"block h-[calc(var(--height)_\/_16_*_1rem)] w-[calc(var(--width)_\/_16_*_1rem)] max-w-none group-hover:hidden group-aria-expanded:hidden\" style=\"--width:16;--height:16\" decoding=\"async\"\/><img loading=\"lazy\" src=\"https:\/\/www.t-online.de\/s\/paper\/_next\/static\/media\/font-sizes-dark-mode.e382645c.svg\" alt=\"\" title=\"\" class=\"block h-[calc(var(--height)_\/_16_*_1rem)] w-[calc(var(--width)_\/_16_*_1rem)] max-w-none hidden group-hover:block group-aria-expanded:block\" style=\"--width:16;--height:16\" decoding=\"async\"\/><img loading=\"lazy\" src=\"https:\/\/www.t-online.de\/s\/paper\/_next\/static\/media\/sharing-menu-icon.1eb71368.svg\" alt=\"\" title=\"\" class=\"block h-[calc(var(--height)_\/_16_*_1rem)] w-[calc(var(--width)_\/_16_*_1rem)] max-w-none group-hover:brightness-0 group-hover:invert\" style=\"--width:16;--height:16\" decoding=\"async\"\/>Artikel teilen<\/p>\n<p class=\"font-bold text-18 leading-17 user-text-lg:text-22 user-text-xl:text-24\">Daniela Katzenberger steht erstmals als Comedian auf der B\u00fchne. An einem gewissen Punkt muss ihre Tochter Sophia den Saal verlassen. Sie soll offenbar nicht alles h\u00f6ren, was ihre ber\u00fchmte Mutter zum Besten gibt.<\/p>\n<p class=\"text-18 leading-17 user-text-lg:text-22 user-text-xl:text-24\">Am Freitagabend pr\u00e4sentierte <a href=\"https:\/\/www.t-online.de\/themen\/daniela-katzenberger\/\" class=\"transition-colors cursor-pointer no-underline md:hover:text-magenta md:focus:text-magenta border-b border-solid border-current text-salemsfur md:hover:border-magenta\" data-tracking=\"{&quot;action&quot;:&quot;click&quot;,&quot;category&quot;:&quot;intextLink&quot;,&quot;label&quot;:&quot;\/themen\/daniela-katzenberger\/&quot;}\" data-sctrack=\"BodyAnchor\" rel=\"nofollow noopener\" target=\"_blank\">Daniela Katzenberger<\/a> im K\u00f6lner Club Nightwash ihr Comedyprogramm &#8222;Katzenklappe&#8220; vor gut 150 G\u00e4sten. Auch mit dabei waren ihre Mutter Iris Katzenberger, ihr Mann <a href=\"https:\/\/www.t-online.de\/themen\/lucas-cordalis\/\" class=\"transition-colors cursor-pointer no-underline md:hover:text-magenta md:focus:text-magenta border-b border-solid border-current text-salemsfur md:hover:border-magenta\" data-tracking=\"{&quot;action&quot;:&quot;click&quot;,&quot;category&quot;:&quot;intextLink&quot;,&quot;label&quot;:&quot;\/themen\/lucas-cordalis\/&quot;}\" data-sctrack=\"BodyAnchor\" rel=\"nofollow noopener\" target=\"_blank\">Lucas Cordalis<\/a> und die gemeinsame, elfj\u00e4hrige Tochter Sophie. Letztere wurde nach der H\u00e4lfte der insgesamt einst\u00fcndigen Show aus dem Saal begleitet, wie &#8222;Bild&#8220; berichtete.<\/p>\n<p class=\"text-18 leading-17 user-text-lg:text-22 user-text-xl:text-24\">Daniela Katzenberger habe daraufhin ins Publikum geschaut und gefragt: &#8222;Ist meine Tochter weg? Jetzt kann ich richtig loslegen!&#8220; Daraufhin scherzte sie unter anderem \u00fcber ihren Mann und \u00fcber Klog\u00e4nge. &#8222;Klugschei\u00dfen darf er bei mir, gekackt wird bei McDonald&#8217;s.&#8220; Sie nannte ihn &#8222;so \u00e4tzend freundlich&#8220; und sagte, er k\u00f6nne keine Komplimente. Sein Spruch an sie laute: &#8222;Schatz, du bist ohne Schminke wundersch\u00f6n. Aber dich erkennt halt keiner.&#8220; Das Programm wurde von einem Vox-Kamerateam aufgezeichnet.<\/p>\n<p>Mama Iris Katzenberger ist auch Thema<\/p>\n<p class=\"text-18 leading-17 user-text-lg:text-22 user-text-xl:text-24\">Katzenberger stand in schwarzer Leggings, wei\u00dfen Tennissocken und einem schwarzen T-Shirt auf der B\u00fchne. Die 39-J\u00e4hrige scherzte auch \u00fcber Botox, Beauty-Operationen und das \u00c4lterwerden kurz vor dem 40. Geburtstag. Auch Iris Katzenberger wurde in dem Programm thematisiert. Daniela Katzenberger sagte \u00fcber sie: &#8222;Sie hat ein gutes Herz. Man muss es nur suchen.&#8220; Auch betonte sie, dass sie als Kind &#8222;prophylaktisch Papa&#8220; zu jedem Mann gesagt habe. Au\u00dferdem habe ihre Mutter drei Dinge besonders gut gekonnt: K\u00e4sekuchen, Nudelsalat und heiraten.<\/p>\n<p><a href=\"#focus-1\" class=\"transition-colors block text-current relative\" data-sctrack=\"FocusGalleryImage.Reference\"><img   loading=\"lazy\" src=\"https:\/\/www.europesays.com\/de\/wp-content\/uploads\/2026\/08\/daniela-und-iris-katzenberger-die-mutter-unterstuetzte-ihre-tochter-vom-publikum-aus.jpg\" alt=\"Daniela und Iris Katzenberger: Die Mutter unterst\u00fctzte ihre Tochter vom Publikum aus.\" title=\"Daniela und Iris Katzenberger: Die Mutter unterst\u00fctzte ihre Tochter vom Publikum aus.\" width=\"2451\" height=\"1379\" class=\"h-full w-full max-w-full rounded-8\" decoding=\"async\"\/><img loading=\"lazy\" src=\"https:\/\/www.t-online.de\/s\/paper\/_next\/static\/media\/zoom-in.f7dae02f.svg\" alt=\"Vergr\u00f6\u00dfern des Bildes\" title=\"Vergr\u00f6\u00dfern des Bildes\" class=\"block h-[calc(var(--height)_\/_16_*_1rem)] w-[calc(var(--width)_\/_16_*_1rem)] max-w-none absolute right-8 bottom-8 rounded-4 bg-snow p-8\" style=\"--width:32;--height:32\" decoding=\"async\"\/>Daniela und Iris Katzenberger: Die Mutter unterst\u00fctzte ihre Tochter vom Publikum aus. (Quelle: IMAGO)<\/a><\/p>\n<p class=\"text-18 leading-17 user-text-lg:text-22 user-text-xl:text-24\">Erlebnisse aus dem Promi-Alltag lieferte sie ebenfalls: Am <a href=\"https:\/\/www.t-online.de\/themen\/flughafen\/\" class=\"transition-colors cursor-pointer no-underline md:hover:text-magenta md:focus:text-magenta border-b border-solid border-current text-salemsfur md:hover:border-magenta\" data-tracking=\"{&quot;action&quot;:&quot;click&quot;,&quot;category&quot;:&quot;intextLink&quot;,&quot;label&quot;:&quot;\/themen\/flughafen\/&quot;}\" data-sctrack=\"BodyAnchor\" rel=\"nofollow noopener\" target=\"_blank\">Flughafen<\/a> sei ein Handy unter der Kabinent\u00fcr durchgeschoben worden, weil jemand ein Selfie wollte. Beim Frauenarzt habe eine Helferin w\u00e4hrend der Behandlung um ein Foto gebeten. Und in der Sauna habe ein Mann die nackte Daniela Katzenberger um ein Autogramm gefragt. Ihr Kommentar dazu: &#8222;Einen Stift hatte er auch dabei. Ich wei\u00df bis heute nicht, wo er den rausgezogen hat!&#8220;<\/p>\n","protected":false},"excerpt":{"rendered":"&#8222;Ist meine Tochter weg?&#8220; Sophia muss Katzenbergers Premiere vorzeitig verlassen 31.08.2026 &#8211; 13:24 UhrLesedauer: 2 Min. Daniela Katzenberger:&hellip;\n","protected":false},"author":2,"featured_media":1272199,"comment_status":"","ping_status":"","sticky":false,"template":"","format":"standard","meta":{"footnotes":"","_share_on_mastodon":"0"},"categories":[1776],"tags":[722,17161,1801,31119,29,214,30,129649,31121,1802,215],"class_list":["post-1272198","post","type-post","status-publish","format-standard","has-post-thumbnail","category-prominente","tag-722","tag-17161","tag-celebrities","tag-daniela-katzenberger","tag-deutschland","tag-entertainment","tag-germany","tag-iris-katzenberger","tag-lucas-cordalis","tag-prominente","tag-unterhaltung"],"share_on_mastodon":{"url":"https:\/\/pubeurope.com\/@de\/117191341478968521","error":""},"_links":{"self":[{"href":"https:\/\/www.europesays.com\/de\/wp-json\/wp\/v2\/posts\/1272198","targetHints":{"allow":["GET"]}}],"collection":[{"href":"https:\/\/www.europesays.com\/de\/wp-json\/wp\/v2\/posts"}],"about":[{"href":"https:\/\/www.europesays.com\/de\/wp-json\/wp\/v2\/types\/post"}],"author":[{"embeddable":true,"href":"https:\/\/www.europesays.com\/de\/wp-json\/wp\/v2\/users\/2"}],"replies":[{"embeddable":true,"href":"https:\/\/www.europesays.com\/de\/wp-json\/wp\/v2\/comments?post=1272198"}],"version-history":[{"count":0,"href":"https:\/\/www.europesays.com\/de\/wp-json\/wp\/v2\/posts\/1272198\/revisions"}],"wp:featuredmedia":[{"embeddable":true,"href":"https:\/\/www.europesays.com\/de\/wp-json\/wp\/v2\/media\/1272199"}],"wp:attachment":[{"href":"https:\/\/www.europesays.com\/de\/wp-json\/wp\/v2\/media?parent=1272198"}],"wp:term":[{"taxonomy":"category","embeddable":true,"href":"https:\/\/www.europesays.com\/de\/wp-json\/wp\/v2\/categories?post=1272198"},{"taxonomy":"post_tag","embeddable":true,"href":"https:\/\/www.europesays.com\/de\/wp-json\/wp\/v2\/tags?post=1272198"}],"curies":[{"name":"wp","href":"https:\/\/api.w.org\/{rel}","templated":true}]}}