{"id":1272208,"date":"2026-08-31T17:45:22","date_gmt":"2026-08-31T17:45:22","guid":{"rendered":"https:\/\/www.europesays.com\/de\/1272208\/"},"modified":"2026-08-31T17:45:22","modified_gmt":"2026-08-31T17:45:22","slug":"nach-207-laenderspielen-weltmeister-lionel-messi-beendet-nationalelf-karriere","status":"publish","type":"post","link":"https:\/\/www.europesays.com\/de\/1272208\/","title":{"rendered":"Nach 207 L\u00e4nderspielen: Weltmeister Lionel Messi beendet Nationalelf-Karriere"},"content":{"rendered":"<p>            <img loading=\"lazy\" decoding=\"async\" class=\"ts-image\" src=\"https:\/\/www.europesays.com\/de\/wp-content\/uploads\/2026\/08\/leo-messi-100.jpg\" alt=\"Lionel Messi f\u00fcr Argentinien bei der WM\" title=\"Lionel Messi f\u00fcr Argentinien bei der WM | WITTERS\"\/><\/p>\n<p class=\"metatextline\">Stand: 31.08.2026 \u2022 18:49 Uhr<\/p>\n<p class=\"article-head__shorttext\">\n        <strong><strong>Fu\u00dfball-Superstar Lionel Messi beendet seine Karriere in der argentinischen Nationalmannschaft. <\/strong><\/strong>\n    <\/p>\n<p class=\"textabsatz m-ten m-offset-one l-eight l-offset-two columns twelve\">43 Tage nach dem verlorenen <a href=\"https:\/\/www.sportschau.de\/fussball\/fifa-wm-2026\/torres-macht-spanien-zum-weltmeister-messis-argentinien-entthront,wm-spielbericht-spanien-argentinien-100.html\" title=\"Spanien ist Weltmeister - Ferran entthront Messis Argentinien\" rel=\"nofollow noopener\" target=\"_blank\">WM-Finale gegen Spanien (0:1 n.V.) <\/a>verk\u00fcndete der 39-J\u00e4hrige diese Entscheidung bei Instagram. Dieser Entschluss sei einer, &#8222;der weh tat und in der Seele weiterhin schmerzt, aber ich verstehe, dass jetzt der Zeitpunkt gekommen ist&#8220;, schrieb Messi in einem emotionalen Post, den er nach eigenen Angaben am 21. Juli, also zwei Tage nach dem Endspiel von East Rutherford, verfasst hatte.<\/p>\n<p>    Emotionaler Schwur an die Fangemeinde<\/p>\n<p class=\"textabsatz m-ten m-offset-one l-eight l-offset-two columns twelve\">&#8222;Ich schw\u00f6re euch, ich habe immer alles gegeben \u2013 nicht nur in den letzten Jahren, in denen wir alles gewonnen haben, sondern auch davor&#8220;, f\u00fchrte Messi aus: &#8222;Ich habe immer gek\u00e4mpft und mich f\u00fcr dieses Trikot verausgabt, um euch Freude zu schenken und euch durch den Fu\u00dfball stolz darauf zu machen, Argentinier zu sein.&#8220; <\/p>\n<p class=\"textabsatz m-ten m-offset-one l-eight l-offset-two columns twelve\">207 L\u00e4nderspiele absolvierte Messi, in denen er 125 Tore erzielte. Beides sind Bestmarken. Den gr\u00f6\u00dften Erfolg feierte er 2022 in Katar, als er Argentinien zum dritten WM-Titel f\u00fchrte. Bei der XXL-WM in den USA, Mexiko und Kanada waren die S\u00fcdamerikaner ganz nah dran, diesmal aber scheiterten sie im Finale an Spanien. Messi traf bei seiner letzten WM-Teilnahme in acht Spielen acht Mal.<\/p>\n<p>    &#8222;Danke Gott, dass du mich zum Argentinier gemacht hast&#8220;<\/p>\n<p class=\"textabsatz m-ten m-offset-one l-eight l-offset-two columns twelve\">Zw\u00f6lf Jahre zuvor hatte Messi das WM-Endspiel 2014 gegen Deutschland verloren, ebenfalls mit 0:1 nach Verl\u00e4ngerung. &#8222;Ich gehe mit der Ruhe und dem Stolz, euch gemeinsam mit meinen Mitspielern Traum-Momente geschenkt zu haben. Es war verr\u00fcckt, das alles mit euch erleben zu d\u00fcrfen. Ich liebe euch!&#8220;, schrieb Messi: &#8222;Danke, Gott, dass du mich zum Argentinier gemacht hast.&#8220;<\/p>\n<p class=\"textabsatz m-ten m-offset-one l-eight l-offset-two columns twelve\">Nach dem Tod seines Vaters &#8211; Jorge Messi war am 8. August verstorben &#8211; sei er &#8222;noch \u00fcberzeugter als zuvor&#8220;, dass sein R\u00fccktritt richtig sei. Einen R\u00fccktritt vom R\u00fccktritt wie vor vielen Jahren schon mal d\u00fcrfte es nun nicht geben.<\/p>\n<p class=\"textabsatz m-ten m-offset-one l-eight l-offset-two columns twelve\">Messis Ende in der Nationalmannschaft k\u00f6nnte nun weitere R\u00fccktritte ausl\u00f6sen. Torwart Emiliano Mart\u00ednez hatte die Fortsetzung seiner Karriere auch schon infrage gestellt. Nationaltrainer Scaloni hatte ebenfalls Zweifel gen\u00e4hrt, dass er eine weitere Amtszeit ab 1. Januar in Angriff nehmen k\u00f6nnte. Die &#8222;Albiceleste&#8220; k\u00f6nnte vor einem riesigen Umbruch stehen &#8211; und das vier Jahre vor der WM, bei dem es auch ein Er\u00f6ffnungsspiel in Buenos Aires geben soll.<\/p>\n<p>    In Miami noch einen Vertrag bis 2028<\/p>\n<p class=\"textabsatz m-ten m-offset-one l-eight l-offset-two columns twelve\">Die Fu\u00dfballfans weltweit m\u00fcssen noch nicht auf ihn verzichten, bis 2028 l\u00e4uft sein Vertrag bei Inter Miami noch. Und Messi trifft in der Major League Soccer weiter nach Belieben. F\u00fcr sein Land zu spielen, sei aber etwas ganz anderes gewesen, so das langj\u00e4hrige Idol des FC Barcelona.<\/p>\n","protected":false},"excerpt":{"rendered":"Stand: 31.08.2026 \u2022 18:49 Uhr Fu\u00dfball-Superstar Lionel Messi beendet seine Karriere in der argentinischen Nationalmannschaft. 43 Tage nach&hellip;\n","protected":false},"author":2,"featured_media":1272209,"comment_status":"","ping_status":"","sticky":false,"template":"","format":"standard","meta":{"footnotes":"","_share_on_mastodon":"0"},"categories":[136],"tags":[12932,29,347,30,13487,265],"class_list":["post-1272208","post","type-post","status-publish","format-standard","has-post-thumbnail","category-sport","tag-argentinien","tag-deutschland","tag-fussball","tag-germany","tag-lionel-messi","tag-sport"],"share_on_mastodon":{"url":"https:\/\/pubeurope.com\/@de\/117191374136322424","error":""},"_links":{"self":[{"href":"https:\/\/www.europesays.com\/de\/wp-json\/wp\/v2\/posts\/1272208","targetHints":{"allow":["GET"]}}],"collection":[{"href":"https:\/\/www.europesays.com\/de\/wp-json\/wp\/v2\/posts"}],"about":[{"href":"https:\/\/www.europesays.com\/de\/wp-json\/wp\/v2\/types\/post"}],"author":[{"embeddable":true,"href":"https:\/\/www.europesays.com\/de\/wp-json\/wp\/v2\/users\/2"}],"replies":[{"embeddable":true,"href":"https:\/\/www.europesays.com\/de\/wp-json\/wp\/v2\/comments?post=1272208"}],"version-history":[{"count":0,"href":"https:\/\/www.europesays.com\/de\/wp-json\/wp\/v2\/posts\/1272208\/revisions"}],"wp:featuredmedia":[{"embeddable":true,"href":"https:\/\/www.europesays.com\/de\/wp-json\/wp\/v2\/media\/1272209"}],"wp:attachment":[{"href":"https:\/\/www.europesays.com\/de\/wp-json\/wp\/v2\/media?parent=1272208"}],"wp:term":[{"taxonomy":"category","embeddable":true,"href":"https:\/\/www.europesays.com\/de\/wp-json\/wp\/v2\/categories?post=1272208"},{"taxonomy":"post_tag","embeddable":true,"href":"https:\/\/www.europesays.com\/de\/wp-json\/wp\/v2\/tags?post=1272208"}],"curies":[{"name":"wp","href":"https:\/\/api.w.org\/{rel}","templated":true}]}}