{"id":1272211,"date":"2026-08-31T17:47:19","date_gmt":"2026-08-31T17:47:19","guid":{"rendered":"https:\/\/www.europesays.com\/de\/1272211\/"},"modified":"2026-08-31T17:47:19","modified_gmt":"2026-08-31T17:47:19","slug":"warentest-vergleicht-und-staunt-fotografiert-ein-iphone-17-pro-so-gut-wie-systemkameras","status":"publish","type":"post","link":"https:\/\/www.europesays.com\/de\/1272211\/","title":{"rendered":"Warentest vergleicht und staunt: Fotografiert ein iPhone 17 Pro so gut wie Systemkameras?"},"content":{"rendered":"<p>Warentest vergleicht und stauntFotografiert ein iPhone 17 Pro so gut wie Systemkameras?<\/p>\n<p>31.08.2026, 15:24 Uhr <\/p>\n<p>Artikel anh\u00f6ren(03:26 min)<\/p>\n<p><img decoding=\"async\" class=\"Image_img__fQCi0 Image_Img_16_9__4BLfH widget-picture-inline_maximizable__t_E7h\" loading=\"eager\" fetchpriority=\"high\" src=\"https:\/\/www.europesays.com\/de\/wp-content\/uploads\/2026\/08\/1788198439_368_image.webp\" alt=\"image\"\/>Das iPhone 17 Pro Max \u00fcberzeugt Stiftung Warentest in puncto Fotografie. (Foto: kwe)<\/p>\n<p class=\"Typography_text-m__XI0da Typography_weight-bold__uT6mq storyline_lead_text_leadtext__q_wg8\">Stiftung Warentest l\u00e4sst im Labor ein iPhone 17 Pro gegen hochwertige Systemkameras antreten, sie durchlaufen die gleichen Labortests wie die Spezialisten mit Wechselobjektiven. \u00dcber das Ergebnis sind die Pr\u00fcfer &#8222;sehr \u00fcberrascht&#8220;.<\/p>\n<p class=\"Typography_text-default__P3otY Typography_weight-normal__pqUbH storyline_paragraph_p__qSR5N\">Laut &#8222;<a class=\"inline_link\" href=\"https:\/\/photutorial.com\/photos-statistics\/\" target=\"_blank\" rel=\"nofollow noopener\">Phototutorials<\/a>&#8220; werden bis Ende dieses Jahres weltweit etwa 1,95 Billionen Fotos aufgenommen, t\u00e4glich sind es 5,3 Milliarden. Rund 94 Prozent davon sollen von Smartphones stammen. Da nicht alle Bilder z\u00e4hlbar bei Diensten ver\u00f6ffentlicht oder gespeichert werden, kann der Anteil auch h\u00f6her oder niedriger sein. Aber jeder wei\u00df aus eigener Erfahrung, dass die Zahl nicht aus der Luft gegriffen ist. Selbst ambitionierte Fotografen, die eine Systemkamera besitzen, nutzen vermutlich im Alltag ebenfalls haupts\u00e4chlich ihr Mobiltelefon.<\/p>\n<p class=\"Typography_text-default__P3otY Typography_weight-normal__pqUbH storyline_paragraph_p__qSR5N\">Das liegt einerseits an der st\u00e4ndigen Verf\u00fcgbarkeit der Ger\u00e4te und der einfachen Nutzung, andererseits ist auch die Qualit\u00e4t von Smartphone-Aufnahmen inzwischen sehr hoch. Doch k\u00f6nnen die extrem kompakten Knipsen auch mit hochwertigen Systemkameras mithalten, die mit Wechselobjektiven und gew\u00f6hnlich deutlich gr\u00f6\u00dferen Sensoren arbeiten? Immerhin behaupten Hersteller dies auf ihren Produktseiten gerne. Google beispielsweise betont beim neuen <a class=\"inline_link\" href=\"https:\/\/www.n-tv.de\/technik\/Das-Pixel-11-Pro-XL-hat-bessere-Highlights-als-HiLight-id31209826.html\" target=\"_blank\" rel=\"nofollow noopener\">Pixel 11 Pro<\/a>, die &#8222;professionelle Bildqualit\u00e4t&#8220;. Apple geht beim<a class=\"inline_link\" href=\"https:\/\/www.n-tv.de\/technik\/Das-iPhone-17-Pro-Max-trumpft-gross-auf-article26047652.html\" target=\"_blank\" rel=\"nofollow noopener\"> iPhone 17 Pro<\/a> sogar so weit, zu schreiben, es sei &#8222;als h\u00e4tte man acht Profi-Objektive in der Tasche&#8220;. <\/p>\n<p class=\"Typography_text-default__P3otY Typography_weight-normal__pqUbH storyline_paragraph_p__qSR5N\">Stiftung Warentest hat es ausprobiert, indem es ein iPhone 17 Pro au\u00dfer Konkurrenz beim<a class=\"inline_link\" href=\"https:\/\/www.test.de\/Digitalkameras-im-Test-1538975-0\/\" target=\"_blank\" rel=\"nofollow noopener\"> j\u00fcngsten Vergleich <\/a>aktueller Kameras antreten lie\u00df. Das Apple-Ger\u00e4t durchlief dabei &#8211; so weit technisch m\u00f6glich &#8211; die gleichen Labortests wie die Spezialisten. Und tats\u00e4chlich hat sich der Hersteller bei seiner PR offenbar nicht zu weit aus dem Fenster gelehnt.<\/p>\n<p>&#8222;Erstaunlicher Erfolg&#8220;<\/p>\n<p class=\"Typography_text-default__P3otY Typography_weight-normal__pqUbH storyline_paragraph_p__qSR5N\">Stiftung Warentest nennt das Ergebnis einen &#8222;erstaunlichen Erfolg&#8220;. Die Bilder des iPhone 17 Pro zeigten &#8222;sehr gute Farben und Hautt\u00f6ne, hohe Sch\u00e4rfe, detaillierte Oberfl\u00e4chentexturen sowie kaum Bildfehler&#8220;, so die Pr\u00fcfer. Selbst bei wenig Licht lasse das iPhone fast alle Kamera-Konkurrenten des Tests hinter sich.<\/p>\n<p class=\"Typography_text-default__P3otY Typography_weight-normal__pqUbH storyline_paragraph_p__qSR5N\">&#8222;Wir sind sehr \u00fcberrascht, wie nah High-End-Smartphones mittlerweile an die F\u00e4higkeiten vollwertiger Kameras heranger\u00fcckt sind&#8220;, sagt der zust\u00e4ndige Experte der Stiftung, Hannes Czerulla . &#8222;Beim Thema Bildqualit\u00e4t m\u00fcssen Fotografen kaum noch Kompromisse eingehen.&#8220;<\/p>\n<p class=\"Typography_text-default__P3otY Typography_weight-normal__pqUbH storyline_paragraph_p__qSR5N\">Die von den Pr\u00fcfern gefundenen Mankos halten sich in engen Grenzen und d\u00fcrften Otto-Normal-Knipsern ziemlich egal sein. Das iPhone 17 Pro zeige bei Gegenlichtreflexen und dem Verwacklungsschutz kleine Schw\u00e4chen, schreibt Stiftung Warentest. Hinzu komme, dass man nur im automatischen Modus fotografieren kann. Blende, Belichtungszeit und ISO &#8211; also die Lichtempfindlichkeit &#8211; lassen sich nicht manuell einstellen. &#8222;Das schr\u00e4nkt die kreativen M\u00f6glichkeiten ein und kann dazu f\u00fchren, dass sich iPhone-Bilder in Stil und \u00c4sthetik sehr \u00e4hneln&#8220;, sagt Czerulla.<\/p>\n<p class=\"Typography_text-default__P3otY Typography_weight-normal__pqUbH storyline_paragraph_p__qSR5N\">Die Pr\u00fcfer bem\u00e4ngeln zudem, dass sich Akku und Speicher beim iPhone nicht tauschen lassen, wenn sie leer beziehungsweise voll sind.  Als L\u00f6sung f\u00fcr diese Probleme bietet sich unter anderem an, Powerbanks zum Auftanken zu nutzen und Fotos auf mobilen Speichern am USB-C-Anschluss zu sichern.<\/p>\n<p class=\"Typography_text-s__wu_cm Typography_weight-normal__pqUbH Typography_color-darkgrey__sZEnP article-detail-footer_source__KslPc\">Quelle: ntv.de, kwe<\/p>\n","protected":false},"excerpt":{"rendered":"Warentest vergleicht und stauntFotografiert ein iPhone 17 Pro so gut wie Systemkameras? 31.08.2026, 15:24 Uhr Artikel anh\u00f6ren(03:26 min)&hellip;\n","protected":false},"author":2,"featured_media":1272212,"comment_status":"","ping_status":"","sticky":false,"template":"","format":"standard","meta":{"footnotes":"","_share_on_mastodon":"0"},"categories":[135],"tags":[29,262726,10799,30,5553,190,189,8376,194,425,191,193,192],"class_list":["post-1272211","post","type-post","status-publish","format-standard","has-post-thumbnail","category-wissenschaft-technik","tag-deutschland","tag-digitalkameras","tag-fotografieren","tag-germany","tag-iphone","tag-science","tag-science-technology","tag-stiftung-warentest","tag-technik","tag-technologie","tag-technology","tag-wissenschaft","tag-wissenschaft-technik"],"share_on_mastodon":{"url":"https:\/\/pubeurope.com\/@de\/117191381773499589","error":""},"_links":{"self":[{"href":"https:\/\/www.europesays.com\/de\/wp-json\/wp\/v2\/posts\/1272211","targetHints":{"allow":["GET"]}}],"collection":[{"href":"https:\/\/www.europesays.com\/de\/wp-json\/wp\/v2\/posts"}],"about":[{"href":"https:\/\/www.europesays.com\/de\/wp-json\/wp\/v2\/types\/post"}],"author":[{"embeddable":true,"href":"https:\/\/www.europesays.com\/de\/wp-json\/wp\/v2\/users\/2"}],"replies":[{"embeddable":true,"href":"https:\/\/www.europesays.com\/de\/wp-json\/wp\/v2\/comments?post=1272211"}],"version-history":[{"count":0,"href":"https:\/\/www.europesays.com\/de\/wp-json\/wp\/v2\/posts\/1272211\/revisions"}],"wp:featuredmedia":[{"embeddable":true,"href":"https:\/\/www.europesays.com\/de\/wp-json\/wp\/v2\/media\/1272212"}],"wp:attachment":[{"href":"https:\/\/www.europesays.com\/de\/wp-json\/wp\/v2\/media?parent=1272211"}],"wp:term":[{"taxonomy":"category","embeddable":true,"href":"https:\/\/www.europesays.com\/de\/wp-json\/wp\/v2\/categories?post=1272211"},{"taxonomy":"post_tag","embeddable":true,"href":"https:\/\/www.europesays.com\/de\/wp-json\/wp\/v2\/tags?post=1272211"}],"curies":[{"name":"wp","href":"https:\/\/api.w.org\/{rel}","templated":true}]}}