{"id":1272213,"date":"2026-08-31T17:48:15","date_gmt":"2026-08-31T17:48:15","guid":{"rendered":"https:\/\/www.europesays.com\/de\/1272213\/"},"modified":"2026-08-31T17:48:15","modified_gmt":"2026-08-31T17:48:15","slug":"erhoehtes-unfallrisiko-bei-e-bikes-festgestellt-hercules-startet-rueckruf-fuer-mehrere-modelle","status":"publish","type":"post","link":"https:\/\/www.europesays.com\/de\/1272213\/","title":{"rendered":"Erh\u00f6htes Unfallrisiko bei E-Bikes festgestellt: Hercules startet R\u00fcckruf f\u00fcr mehrere Modelle"},"content":{"rendered":"<p><img decoding=\"async\" data-hk=\"0000a1162120008104010100200010\" class=\"Lazy-Image Lazy-Image--Loading\" loading=\"lazy\"  src=\"https:\/\/www.europesays.com\/de\/wp-content\/uploads\/2026\/08\/1788198494_204_baf01960-f7d5-4559-a3db-0b8a6af22144.7554dccb-c750-41cc-8415-bec4c30456db.jpg\"  alt=\"Peter Zimmermann\" width=\"48\" height=\"48\"\/>Peter Zimmermann31.08.202618:23<\/p>\n<p>Hercules warnt bei mehreren Faltrad-Modellen vor einem ernsthaften Sicherheitsrisiko. Besitzer sollen die E-Bikes sofort stehen lassen und zum H\u00e4ndler bringen.<\/p>\n<p>Die Hercules GmbH hat einen <a href=\"https:\/\/cloud-hercules-bikes.de\/index.php\/s\/DPKztTnTz8KmYQA?dir=\/&amp;editing=false&amp;openfile=true\" rel=\"nofollow noopener\" target=\"_blank\">offiziellen Produktsicherheitsr\u00fcckruf<\/a> f\u00fcr mehrere E-Bikes der Baureihe Rob Fold SL gestartet. Betroffen ist die Carbon-Gabel: Sie kann laut Hersteller unter bestimmten Umst\u00e4nden versagen. Dadurch drohen ein Verlust der Lenkf\u00e4higkeit sowie erhebliche Unfall- und Verletzungsrisiken.<\/p>\n<p>Diese Hercules-Modelle sind betroffen<\/p>\n<p>Der <a href=\"https:\/\/www.chip.de\/news\/Ihr-Produkt-ist-von-einem-Rueckruf-betroffen-Das-muessen-Sie-jetzt-dringend-beachten_185319048.html\" rel=\"follow nofollow noopener\" target=\"_self\">R\u00fcckruf<\/a> betrifft folgende Modelle:<\/p>\n<ul>\n<li>Hercules Rob Fold SL IQ<\/li>\n<li>Hercules Rob Fold SL 10<\/li>\n<li>Hercules Rob Fold SL 9<\/li>\n<li>Hercules Rob Fold SL F5<\/li>\n<li>Hercules Rob Fold SL R5<\/li>\n<\/ul>\n<p>Die genaue Modellbezeichnung befindet sich laut Hersteller auf dem Rahmen des Fahrrads. Hercules fordert Besitzer ausdr\u00fccklich auf: \u201eStellen Sie die Nutzung des Fahrrads ab sofort ein!\u201c Die R\u00e4der sollen weder im Stra\u00dfenverkehr noch auf andere Weise weiter genutzt werden.<\/p>\n<p>ANZEIGE<img decoding=\"async\" data-hk=\"0000a116212000a1814130200010\" class=\"Lazy-Image Lazy-Image--Loading\" loading=\"lazy\"  src=\"https:\/\/www.europesays.com\/de\/wp-content\/uploads\/2026\/08\/1788198495_709_e83ab712-32eb-49b7-b4e1-8e466b87b2a3.7590e2c7-4f1e-450f-9a1c-780d8a4183fd.png\"  alt=\"Unter anderem um diese Modell handelt es sich bei dem E-Bike-R\u00fcckruf des Herstellers Hercules.\" width=\"1200\" height=\"675\"\/> Unter anderem um diese Modell handelt es sich bei dem E-Bike-R\u00fcckruf des Herstellers Hercules.  Hercules\/Produktsicherheitsr\u00fcckruf Tausch oder Erstattung ohne Kosten<\/p>\n<p>Hercules bietet zwei kostenlose Abhilfen an. Kunden k\u00f6nnen das Rad gegen ein gleichwertiges Hercules Rob Fold mit Aluminium-Gabel tauschen, genannt werden die Varianten F5, R5, SUV und 9. Alternativ ist ein anderes vergleichbares Hercules-E-Bike m\u00f6glich.<\/p>\n<p>Wer keinen Tausch m\u00f6chte, kann laut R\u00fcckruf den Kaufpreis zur\u00fcckerhalten. Voraussetzung ist die R\u00fcckgabe des Fahrrads inklusive Akku und Ladeger\u00e4t.<\/p>\n<p>E-Bike-Markt ger\u00e4t unter Druck<\/p>\n<p>Laut einer <a href=\"https:\/\/www.ey.com\/de_de\/newsroom\/2026\/06\/ey-parthenon-fahrradstudie-2026\" rel=\"nofollow noopener\" target=\"_blank\">Marktanalyse der Unternehmensberatung EY<\/a> sank der Umsatz des deutschen Fahrradmarkts 2025 um knapp acht Prozent auf 5,85 Milliarden Euro, obwohl Deutschland mit 3,7 Millionen verkauften R\u00e4dern weiter Europas gr\u00f6\u00dfter Markt blieb.<\/p>\n<p>Zugleich wurden E-Bikes im Schnitt um vier Prozent g\u00fcnstiger und kosteten durchschnittlich 2.550 Euro. Ihr Anteil am Fahrradabsatz lag weiterhin bei 53 Prozent, am Umsatz sogar bei 85 Prozent. F\u00fcr K\u00e4ufer sind die niedrigeren Preise zun\u00e4chst eine gute Nachricht, f\u00fcr Hersteller und H\u00e4ndler bedeuten hohe Lagerbest\u00e4nde und Preisdruck aber eine schwierige Phase.<\/p>\n","protected":false},"excerpt":{"rendered":"Peter Zimmermann31.08.202618:23 Hercules warnt bei mehreren Faltrad-Modellen vor einem ernsthaften Sicherheitsrisiko. Besitzer sollen die E-Bikes sofort stehen lassen&hellip;\n","protected":false},"author":2,"featured_media":1271077,"comment_status":"","ping_status":"","sticky":false,"template":"","format":"standard","meta":{"footnotes":"","_share_on_mastodon":"0"},"categories":[134],"tags":[175,170,169,29,30,171,174,173,172],"class_list":["post-1272213","post","type-post","status-publish","format-standard","has-post-thumbnail","category-unternehmen-maerkte","tag-business","tag-companies","tag-companies-markets","tag-deutschland","tag-germany","tag-markets","tag-maerkte","tag-unternehmen","tag-unternehmen-maerkte"],"share_on_mastodon":{"url":"https:\/\/pubeurope.com\/@de\/117191386010895098","error":""},"_links":{"self":[{"href":"https:\/\/www.europesays.com\/de\/wp-json\/wp\/v2\/posts\/1272213","targetHints":{"allow":["GET"]}}],"collection":[{"href":"https:\/\/www.europesays.com\/de\/wp-json\/wp\/v2\/posts"}],"about":[{"href":"https:\/\/www.europesays.com\/de\/wp-json\/wp\/v2\/types\/post"}],"author":[{"embeddable":true,"href":"https:\/\/www.europesays.com\/de\/wp-json\/wp\/v2\/users\/2"}],"replies":[{"embeddable":true,"href":"https:\/\/www.europesays.com\/de\/wp-json\/wp\/v2\/comments?post=1272213"}],"version-history":[{"count":0,"href":"https:\/\/www.europesays.com\/de\/wp-json\/wp\/v2\/posts\/1272213\/revisions"}],"wp:featuredmedia":[{"embeddable":true,"href":"https:\/\/www.europesays.com\/de\/wp-json\/wp\/v2\/media\/1271077"}],"wp:attachment":[{"href":"https:\/\/www.europesays.com\/de\/wp-json\/wp\/v2\/media?parent=1272213"}],"wp:term":[{"taxonomy":"category","embeddable":true,"href":"https:\/\/www.europesays.com\/de\/wp-json\/wp\/v2\/categories?post=1272213"},{"taxonomy":"post_tag","embeddable":true,"href":"https:\/\/www.europesays.com\/de\/wp-json\/wp\/v2\/tags?post=1272213"}],"curies":[{"name":"wp","href":"https:\/\/api.w.org\/{rel}","templated":true}]}}