{"id":1272214,"date":"2026-08-31T17:49:13","date_gmt":"2026-08-31T17:49:13","guid":{"rendered":"https:\/\/www.europesays.com\/de\/1272214\/"},"modified":"2026-08-31T17:49:13","modified_gmt":"2026-08-31T17:49:13","slug":"live-ticker-zum-tod-von-koenig-harald-von-norwegen-norwegen-kann-eine-woche-abschied-nehmen","status":"publish","type":"post","link":"https:\/\/www.europesays.com\/de\/1272214\/","title":{"rendered":"Live-Ticker zum Tod von K\u00f6nig Harald von Norwegen: Norwegen kann eine Woche Abschied nehmen"},"content":{"rendered":"<p>K<strong>\u00f6nigsfamilie zeigt sich nach der Sarg-\u00dcberf\u00fchrung vor dem Palast \u2013 und blickt auf Blumenmeer<\/strong><\/p>\n<p>Nach dem bewegenden Abschied im Inneren des Schlosses tritt die K\u00f6nigsfamilie noch einmal gemeinsam vor die Menschen. K\u00f6nig Haakon VIII. und K\u00f6nigin Mette-Marit kommen zusammen mit K\u00f6nigin Sonja und Prinzessin M\u00e4rtha Louise auf den Schlossplatz. Dort werden sie von der wartenden Menge mit Jubel empfangen.<\/p>\n<p>Gemeinsam bleiben die Royals vor dem riesigen Blumenmeer stehen, das Trauernde f\u00fcr K\u00f6nig Harald V. vor dem Palast niedergelegt haben. Ein emotionaler Moment f\u00fcr die Familie, die nur kurze Zeit zuvor noch gemeinsam den Sarg des verstorbenen Monarchen auf seinem letzten Weg durch den Palast zur Schlosskapelle begleitet hat.\u00a0<\/p>\n","protected":false},"excerpt":{"rendered":"K\u00f6nigsfamilie zeigt sich nach der Sarg-\u00dcberf\u00fchrung vor dem Palast \u2013 und blickt auf Blumenmeer Nach dem bewegenden Abschied&hellip;\n","protected":false},"author":2,"featured_media":1272215,"comment_status":"","ping_status":"","sticky":false,"template":"","format":"standard","meta":{"footnotes":"","_share_on_mastodon":"0"},"categories":[3],"tags":[57296,34937,214,13,261352,261349,261351,565,261350,14,15,913,84059,5276,34935,34933,34934,34936,8206,12,10,8,9,11,215,103,104],"class_list":["post-1272214","post","type-post","status-publish","format-standard","has-post-thumbnail","category-welt","tag-arzt-und-krankenhaus","tag-ems_unterhaltung_royals","tag-entertainment","tag-headlines","tag-koenig-harald-v","tag-koenigin-sonja","tag-koenigshaus-norwegen","tag-koenigshaeuser","tag-kronprinz-haakon-von-norwegen","tag-nachrichten","tag-news","tag-norwegen","tag-norwegisches-koenigshaus","tag-promi-news","tag-royal-baby","tag-royal-news","tag-royal-wedding","tag-royale-hochzeit","tag-royals","tag-schlagzeilen","tag-top-news","tag-top-meldungen","tag-topmeldungen","tag-topnews","tag-unterhaltung","tag-welt","tag-world"],"share_on_mastodon":{"url":"","error":""},"_links":{"self":[{"href":"https:\/\/www.europesays.com\/de\/wp-json\/wp\/v2\/posts\/1272214","targetHints":{"allow":["GET"]}}],"collection":[{"href":"https:\/\/www.europesays.com\/de\/wp-json\/wp\/v2\/posts"}],"about":[{"href":"https:\/\/www.europesays.com\/de\/wp-json\/wp\/v2\/types\/post"}],"author":[{"embeddable":true,"href":"https:\/\/www.europesays.com\/de\/wp-json\/wp\/v2\/users\/2"}],"replies":[{"embeddable":true,"href":"https:\/\/www.europesays.com\/de\/wp-json\/wp\/v2\/comments?post=1272214"}],"version-history":[{"count":0,"href":"https:\/\/www.europesays.com\/de\/wp-json\/wp\/v2\/posts\/1272214\/revisions"}],"wp:featuredmedia":[{"embeddable":true,"href":"https:\/\/www.europesays.com\/de\/wp-json\/wp\/v2\/media\/1272215"}],"wp:attachment":[{"href":"https:\/\/www.europesays.com\/de\/wp-json\/wp\/v2\/media?parent=1272214"}],"wp:term":[{"taxonomy":"category","embeddable":true,"href":"https:\/\/www.europesays.com\/de\/wp-json\/wp\/v2\/categories?post=1272214"},{"taxonomy":"post_tag","embeddable":true,"href":"https:\/\/www.europesays.com\/de\/wp-json\/wp\/v2\/tags?post=1272214"}],"curies":[{"name":"wp","href":"https:\/\/api.w.org\/{rel}","templated":true}]}}