{"id":1272220,"date":"2026-08-31T17:52:32","date_gmt":"2026-08-31T17:52:32","guid":{"rendered":"https:\/\/www.europesays.com\/de\/1272220\/"},"modified":"2026-08-31T17:52:32","modified_gmt":"2026-08-31T17:52:32","slug":"kritik-an-stand-im-mittelalterdorf-messer-und-macheten-auf-dem-laternenfest-du-bist-halle","status":"publish","type":"post","link":"https:\/\/www.europesays.com\/de\/1272220\/","title":{"rendered":"Kritik an Stand im Mittelalterdorf: Messer und Macheten auf dem Laternenfest \u2013 Du bist Halle"},"content":{"rendered":"<p class=\"wp-block-paragraph\">Messer, Macheten, Beile: Ein Stand beim beliebten Laternenfest in Halle (Saale) sorgt f\u00fcr Diskussionen. Eigentlich positioniert die Stadt das Traditionsfest als familienfreundlich. An den Eing\u00e4ngen wurden eigens Taschenkontrollen durchgef\u00fchrt, um gef\u00e4hrliche Gegenst\u00e4nde und Glasflaschen konsequent aussortieren zu lassen. Doch ausgerechnet im Mittelalterdorf auf der Ziegelwiese, unweit der Font\u00e4ne, bot ein Stand Artikel an, die so gar nicht zur friedlichen Ausrichtung des Festes passen wollten.<\/p>\n<p>Werbung<\/p>\n<p><a href=\"https:\/\/www.globus-baumarkt.de\/info\/markt\/bennstedt\/\" target=\"_blank\" aria-label=\"IMAGEANZEIGE_BENNSTEDT_JUNI26_800X600PX\" rel=\"nofollow noopener\"><img loading=\"lazy\" decoding=\"async\" src=\"https:\/\/www.europesays.com\/de\/wp-content\/uploads\/2026\/08\/IMAGEANZEIGE_BENNSTEDT_JUNI26_800X600PX.jpg\" alt=\"\"   width=\"800\" height=\"600\"\/><\/a><\/p>\n<p class=\"wp-block-paragraph\">Am Freitagmittag wurde auch die Stadtverwaltung auf das Angebot aufmerksam. Der Verkauf dieser Gegenst\u00e4nde sei daraufhin sofort und im Einvernehmen mit dem Anbieter untersagt worden. \u201eNachkontrollen erfolgten \u2013 ohne Befund\u201c, erkl\u00e4rte ein Stadtsprecher.<\/p>\n<p class=\"wp-block-paragraph\">Auf Nachfrage konkretisiert die Stadt das Vorgehen: \u201eDie St\u00fccke wurden daraufhin vor Zugriffen gesichert (sichtbar verschlossen) und lediglich pr\u00e4sentiert.\u201c Ein Verkauf habe nicht stattgefunden. \u201eEs war nie das Ziel der Stadt, den Stand komplett mit allen Bestandteilen des Sortiments zu schlie\u00dfen.\u201c<\/p>\n<p class=\"wp-block-paragraph\"><strong>Kritik von Besuchern trotz Verkaufsstopp<\/strong><\/p>\n<p class=\"wp-block-paragraph\">Die Konsequenz: Die Verkaufsh\u00fctte mit dem obskuren Angebot verblieb weiterhin auf dem Familienfest. Messer und Hiebwaffen konnten zwar nicht mehr direkt vor Ort erworben werden, blieben f\u00fcr die Festg\u00e4ste jedoch weiterhin klar sichtbar ausgestellt. Bei zahlreichen Besucherinnen und Besuchern mit Kindern stie\u00df diese Kompromissl\u00f6sung auf Unverst\u00e4ndnis.<\/p>\n<p>Werbung<\/p>\n<p><a href=\"https:\/\/www.hallescher-einkaufspark.de\/\" target=\"_blank\" aria-label=\"HEP_McDonalds_800x600-DuBistHalle-10sk\" rel=\"nofollow noopener\"><img loading=\"lazy\" decoding=\"async\" src=\"https:\/\/www.europesays.com\/de\/wp-content\/uploads\/2026\/08\/1788198748_394_HEP_McDonalds_800x600-DuBistHalle-10sk.gif\" alt=\"\" width=\"800\" height=\"600\"\/><\/a><\/p>\n<p class=\"wp-block-paragraph\">Immerhin zieht die Stadtverwaltung nun Konsequenzen f\u00fcr die kommenden Jahre, um \u00e4hnliche Vorf\u00e4lle von vornherein zu vermeiden: Der Ausschreibungstext f\u00fcr die Standbetreiber soll k\u00fcnftig pr\u00e4zisiert werden.<\/p>\n<p>Werbung<\/p>\n<p><a href=\"https:\/\/spd-halle.net\/landtagswahl-2026\/\" target=\"_blank\" aria-label=\"Gif-LW-SPD-2026-800\u00d7600\" rel=\"nofollow noopener\"><img loading=\"lazy\" decoding=\"async\" src=\"https:\/\/www.europesays.com\/de\/wp-content\/uploads\/2026\/07\/Gif-LW-SPD-2026-800x600-1.gif\" alt=\"\" width=\"800\" height=\"600\"\/><\/a>          <\/p>\n","protected":false},"excerpt":{"rendered":"Messer, Macheten, Beile: Ein Stand beim beliebten Laternenfest in Halle (Saale) sorgt f\u00fcr Diskussionen. Eigentlich positioniert die Stadt&hellip;\n","protected":false},"author":2,"featured_media":1266150,"comment_status":"","ping_status":"","sticky":false,"template":"","format":"standard","meta":{"footnotes":"","_share_on_mastodon":"0"},"categories":[1860],"tags":[3364,29,548,663,3934,30,4062,17332,13,14,15,17331,860,12],"class_list":["post-1272220","post","type-post","status-publish","format-standard","has-post-thumbnail","category-halle-saale","tag-de","tag-deutschland","tag-eu","tag-europa","tag-europe","tag-germany","tag-halle","tag-halle-saale","tag-headlines","tag-nachrichten","tag-news","tag-saale","tag-sachsen-anhalt","tag-schlagzeilen"],"share_on_mastodon":{"url":"https:\/\/pubeurope.com\/@de\/117191402758625840","error":""},"_links":{"self":[{"href":"https:\/\/www.europesays.com\/de\/wp-json\/wp\/v2\/posts\/1272220","targetHints":{"allow":["GET"]}}],"collection":[{"href":"https:\/\/www.europesays.com\/de\/wp-json\/wp\/v2\/posts"}],"about":[{"href":"https:\/\/www.europesays.com\/de\/wp-json\/wp\/v2\/types\/post"}],"author":[{"embeddable":true,"href":"https:\/\/www.europesays.com\/de\/wp-json\/wp\/v2\/users\/2"}],"replies":[{"embeddable":true,"href":"https:\/\/www.europesays.com\/de\/wp-json\/wp\/v2\/comments?post=1272220"}],"version-history":[{"count":0,"href":"https:\/\/www.europesays.com\/de\/wp-json\/wp\/v2\/posts\/1272220\/revisions"}],"wp:featuredmedia":[{"embeddable":true,"href":"https:\/\/www.europesays.com\/de\/wp-json\/wp\/v2\/media\/1266150"}],"wp:attachment":[{"href":"https:\/\/www.europesays.com\/de\/wp-json\/wp\/v2\/media?parent=1272220"}],"wp:term":[{"taxonomy":"category","embeddable":true,"href":"https:\/\/www.europesays.com\/de\/wp-json\/wp\/v2\/categories?post=1272220"},{"taxonomy":"post_tag","embeddable":true,"href":"https:\/\/www.europesays.com\/de\/wp-json\/wp\/v2\/tags?post=1272220"}],"curies":[{"name":"wp","href":"https:\/\/api.w.org\/{rel}","templated":true}]}}