{"id":1272223,"date":"2026-08-31T17:56:24","date_gmt":"2026-08-31T17:56:24","guid":{"rendered":"https:\/\/www.europesays.com\/de\/1272223\/"},"modified":"2026-08-31T17:56:24","modified_gmt":"2026-08-31T17:56:24","slug":"kiel-prozess-um-armbrust-angriff-angeklagter-wohl-schuldfaehig","status":"publish","type":"post","link":"https:\/\/www.europesays.com\/de\/1272223\/","title":{"rendered":"Kiel: Prozess um Armbrust-Angriff &#8211; Angeklagter wohl schuldf\u00e4hig"},"content":{"rendered":"<p>\n                Stand: 31.08.2026 18:37 Uhr<\/p>\n<p>                    <a href=\"https:\/\/www.europesays.com\/de\/wp-content\/uploads\/2026\/04\/1777395504_149_justitia150.webp\" class=\"zoomimage\" title=\"Bild vergr\u00f6\u00dfern\"><\/p>\n<p>        <img decoding=\"async\" src=\"https:\/\/www.europesays.com\/de\/wp-content\/uploads\/2026\/04\/1777395504_149_justitia150.webp\" alt=\"Eine bronzene Figur einer Justitia.\" title=\"Vor Gericht muss sich ein Mann verantworten. Er sol im M\u00e4rz in Bordesholm mit einer Armbrust auf seinen Vermieter geschossen haben. | Colourbox, r.classen\" class=\"responsive\" loading=\"lazy\"\/><\/p>\n<p>                    <\/a><\/p>\n<p>                    Vor Gericht muss sich ein Mann verantworten. Er sol im M\u00e4rz in Bordesholm mit einer Armbrust auf seinen Vermieter geschossen haben.<\/p>\n<p class=\"\">Vor dem Landgericht <a href=\"https:\/\/www.ndr.de\/nachrichten\/schleswig-holstein\/Kiel-Aktuelle-Nachrichten-News-und-Videos,kiel7262.html\" title=\"Kiel - Aktuelle Nachrichten und Videos\" rel=\"nofollow noopener\" target=\"_blank\">Kiel<\/a> muss sich <a href=\"https:\/\/www.ndr.de\/nachrichten\/schleswig-holstein\/kiel_neumuenster_ploen_rendsburg-eckernfoerde\/mit-armbrust-auf-vermieter-geschossen-prozess-in-kiel-beginnt,armbrust-112.html\" title=\"Mit Armbrust auf Vermieter geschossen: Prozess in Kiel gestartet\" rel=\"nofollow noopener\" target=\"_blank\">seit vergangener Woche ein Mann wegen versuchten Mordes verantworten<\/a>. Er soll im M\u00e4rz dieses Jahres in Bordesholm (<a href=\"https:\/\/www.ndr.de\/nachrichten\/schleswig-holstein\/Kreis-Rendsburg-Eckernfoerde-Aktuelle-Nachrichten-und-Videos,rendsburgeckernfoerde118.html\" title=\"Kreis Rendsburg-Eckernf\u00f6rde - Aktuelle Nachrichten und Videos\" rel=\"nofollow noopener\" target=\"_blank\">Kreis Rendsburg-Eckernf\u00f6rde<\/a>) mit einer Armbrust auf seinen Vermieter geschossen und ihn schwer an der rechten Brust verletzt haben. Am Montag ist ein Gutachten vorgestellt worden, in dem es haupts\u00e4chlich um die Frage der Schuldf\u00e4higkeit geht. Die Gutachterin konnte keine Einschr\u00e4nkung feststellen &#8211; auch eine m\u00f6gliche Autismusst\u00f6rung wurde von ihr nicht best\u00e4tigt.<\/p>\n<p>    Urteil soll am Mittwoch fallen<\/p>\n<p class=\"\">Die Staatsanwaltschaft forderte in ihrem Pl\u00e4doyer acht Jahre und sechs Monate Haft wegen versuchten Mordes. Die Verteidigung zweifelte in ihrem Pl\u00e4doyer das Gutachten an, wollte aber kein bestimmtes Strafma\u00df fordern. Das Urteil soll am Mittwoch fallen.<\/p>\n<p>        <img decoding=\"async\" src=\"https:\/\/www.europesays.com\/de\/wp-content\/uploads\/2026\/05\/polizei-644.webp\" alt=\"Ein Polizeieinsatz bei Nacht in Bordesholm.\" title=\"Ein Polizeieinsatz bei Nacht in Bordesholm. | Daniel Friederichs\" class=\"responsive\" loading=\"lazy\"\/><\/p>\n<p>Nach der K\u00fcndigung seines Mietvertrags soll der Angeklagte in Bordesholm seinen Vermieter schwer verletzt haben. <\/p>\n<p>        <img decoding=\"async\" src=\"https:\/\/www.europesays.com\/de\/wp-content\/uploads\/2026\/05\/polizei-644.webp\" alt=\"Ein Polizeieinsatz bei Nacht in Bordesholm.\" title=\"Ein Polizeieinsatz bei Nacht in Bordesholm. | Daniel Friederichs\" class=\"responsive\" loading=\"lazy\"\/><\/p>\n<p>In Bordesholm wurde ein Mann mit einer Armbrust schwer verletzt. Gegen den 37-j\u00e4hrigen T\u00e4ter wurde ein Haftbefehl erlassen.<\/p>\n<p>Dieses Thema im Programm:<\/p>\n<p>                NDR 1 Welle Nord | Nachrichten f\u00fcr Schleswig-Holstein | 31.08.2026 | 17:00 Uhr<\/p>\n","protected":false},"excerpt":{"rendered":"Stand: 31.08.2026 18:37 Uhr Vor Gericht muss sich ein Mann verantworten. Er sol im M\u00e4rz in Bordesholm mit&hellip;\n","protected":false},"author":2,"featured_media":977857,"comment_status":"","ping_status":"","sticky":false,"template":"","format":"standard","meta":{"footnotes":"","_share_on_mastodon":"0"},"categories":[1852],"tags":[17542,249175,3364,29,548,663,3934,2690,30,13,4949,12158,14,15,1269,1009,12,1971,2219,2298],"class_list":["post-1272223","post","type-post","status-publish","format-standard","has-post-thumbnail","category-kiel","tag-armbrust","tag-bordesholm","tag-de","tag-deutschland","tag-eu","tag-europa","tag-europe","tag-gericht","tag-germany","tag-headlines","tag-kiel","tag-kreis-rendsburg-eckernfoerde","tag-nachrichten","tag-news","tag-prozess","tag-recht","tag-schlagzeilen","tag-schleswig-holstein","tag-schuld","tag-vermieter"],"share_on_mastodon":{"url":"https:\/\/pubeurope.com\/@de\/117191418343603598","error":""},"_links":{"self":[{"href":"https:\/\/www.europesays.com\/de\/wp-json\/wp\/v2\/posts\/1272223","targetHints":{"allow":["GET"]}}],"collection":[{"href":"https:\/\/www.europesays.com\/de\/wp-json\/wp\/v2\/posts"}],"about":[{"href":"https:\/\/www.europesays.com\/de\/wp-json\/wp\/v2\/types\/post"}],"author":[{"embeddable":true,"href":"https:\/\/www.europesays.com\/de\/wp-json\/wp\/v2\/users\/2"}],"replies":[{"embeddable":true,"href":"https:\/\/www.europesays.com\/de\/wp-json\/wp\/v2\/comments?post=1272223"}],"version-history":[{"count":0,"href":"https:\/\/www.europesays.com\/de\/wp-json\/wp\/v2\/posts\/1272223\/revisions"}],"wp:featuredmedia":[{"embeddable":true,"href":"https:\/\/www.europesays.com\/de\/wp-json\/wp\/v2\/media\/977857"}],"wp:attachment":[{"href":"https:\/\/www.europesays.com\/de\/wp-json\/wp\/v2\/media?parent=1272223"}],"wp:term":[{"taxonomy":"category","embeddable":true,"href":"https:\/\/www.europesays.com\/de\/wp-json\/wp\/v2\/categories?post=1272223"},{"taxonomy":"post_tag","embeddable":true,"href":"https:\/\/www.europesays.com\/de\/wp-json\/wp\/v2\/tags?post=1272223"}],"curies":[{"name":"wp","href":"https:\/\/api.w.org\/{rel}","templated":true}]}}