{"id":1272228,"date":"2026-08-31T18:00:18","date_gmt":"2026-08-31T18:00:18","guid":{"rendered":"https:\/\/www.europesays.com\/de\/1272228\/"},"modified":"2026-08-31T18:00:18","modified_gmt":"2026-08-31T18:00:18","slug":"musical-in-kaarst-die-kinder-koennen-wirklich-stolz-auf-sich-sein","status":"publish","type":"post","link":"https:\/\/www.europesays.com\/de\/1272228\/","title":{"rendered":"Musical in Kaarst: \u201eDie Kinder k\u00f6nnen wirklich stolz auf sich sein\u201c"},"content":{"rendered":"<p class=\"text_ohne_einzug richtext text-em-55 !leading-serif mx-6 desktop:mx-0\"> Vier Tage Vorbereitung f\u00fcr eine Stunde auf der B\u00fchne: Hinter den Kindern, die das Musical \u201eJosef, du schaffst das\u201c in der Johanneskirche in B\u00fcttgen auff\u00fchrten, lagen intensive Tage. Texte mussten gelernt, Lieder geprobt, Eins\u00e4tze abgestimmt und Szenen immer wieder durchgespielt werden. Als sich schlie\u00dflich die T\u00fcren zur Auff\u00fchrung \u00f6ffneten, zeigte sich, wie gro\u00df das Interesse an dem Ergebnis war. Knapp 200 Besucher waren gekommen und die Johanneskirche war bis auf den letzten Platz gef\u00fcllt.<\/p>\n<p class=\"richtext text-em-55 !leading-serif mx-6 desktop:mx-0\">Er\u00f6ffnet wurde der Nachmittag von Pfarrer Ralf D\u00fcchting, der die Besucher begr\u00fc\u00dfte und dabei auch den Einsatz w\u00fcrdigte, der hinter einer solchen Auff\u00fchrung steckt. \u201eEs ist beeindruckend zu sehen, was die Kinder in nur vier Tagen gemeinsam geschafft haben\u201c, sagte er. Vor allem die Freude und Begeisterung, mit der die jungen Teilnehmer bei der Sache gewesen seien, h\u00e4tten die intensive Probenzeit gepr\u00e4gt. Dann geh\u00f6rte die B\u00fchne den Kindern. Zwischen f\u00fcnf und zw\u00f6lf Jahre alt waren die jungen Darsteller, die sich gemeinsam an eine der bekanntesten Geschichten des Alten Testaments wagten: die Geschichte von Josef aus Kanaan.<\/p>\n<p class=\"richtext text-em-55 !leading-serif mx-6 desktop:mx-0\">Josef w\u00e4chst mit seinen Br\u00fcdern auf und nimmt innerhalb der Familie eine besondere Stellung ein. Als Lieblingssohn seines Vaters Jakob zieht er den Neid seiner Br\u00fcder auf sich. Daraus entwickelt sich eine Geschichte \u00fcber Eifersucht und Verrat, aber ebenso \u00fcber Hoffnung, Vertrauen und Vers\u00f6hnung. Genau diese Geschichte erz\u00e4hlten die Kinder mit Schauspiel und Musik. Der Kinderchor stand gemeinsam auf der B\u00fchne und f\u00fchrte die Besucher durch die verschiedenen Stationen der Geschichte. Unterst\u00fctzung bekamen die jungen Darsteller dabei unter anderem von Barbara L\u00fcthen, die w\u00e4hrend der Auff\u00fchrung mit auf der B\u00fchne stand. Sie hatte die Entwicklung der Kinder w\u00e4hrend der vergangenen Tage unmittelbar miterlebt. \u201eEs ist toll, wie die Kinder in diesen vier Tagen zusammengewachsen sind und wie selbstverst\u00e4ndlich sie sich gegenseitig unterst\u00fctzt haben\u201c, sagte L\u00fcthen.<\/p>\n<p class=\"richtext text-em-55 !leading-serif mx-6 desktop:mx-0\">Dass einige der Teilnehmer erst f\u00fcnf Jahre alt waren, w\u00e4hrend die \u00e4ltesten bereits zw\u00f6lf waren, machte die gemeinsame Arbeit zu etwas Besonderem. Jedes Kind konnte sich entsprechend seiner M\u00f6glichkeiten einbringen. Manche \u00fcbernahmen gr\u00f6\u00dfere Rollen, andere standen im Chor auf der B\u00fchne. Entscheidend sei das gemeinsame Erlebnis gewesen.<\/p>\n<p class=\"richtext text-em-55 !leading-serif mx-6 desktop:mx-0\">Eine wichtige Rolle hinter den Kulissen spielten dabei auch Lea und Leonie. Die beiden Studentinnen begleiteten die Kinder w\u00e4hrend der intensiven Probenphase und erhielten daf\u00fcr nach der Auff\u00fchrung besonderes Lob. Sowohl Barbara L\u00fcthen als auch Daniela Seefeld, die das Projekt ebenfalls mitorganisiert hatte, hoben ihren Einsatz hervor. \u201eLea und Leonie haben unglaublich viel Zeit, Energie und Herzblut in diese Tage gesteckt\u201c, sagte Seefeld: \u201eUnd die Kinder haben das gro\u00dfartig angenommen. Man konnte sehen, wie viel Freude sie daran hatten.\u201c Auch L\u00fcthen betonte, wie wichtig die beiden jungen Frauen f\u00fcr das Gelingen des Projekts gewesen seien. Innerhalb von nur vier Tagen eine Gruppe mit mehr als 30 Kindern auf eine gemeinsame Auff\u00fchrung vorzubereiten, sei schlie\u00dflich eine anspruchsvolle Aufgabe. Dabei musste nicht nur gesungen und gespielt werden. Die Kinder mussten lernen, aufeinander zu achten, Eins\u00e4tze abzuwarten und sich gegenseitig Raum auf der B\u00fchne zu geben. Vor allem aber mussten sie den Mut entwickeln, das Erarbeitete schlie\u00dflich vor einer voll besetzten Kirche zu pr\u00e4sentieren. \u201eDie Kinder k\u00f6nnen wirklich stolz auf sich sein\u201c, sagte L\u00fcthen. \u201eWas sie in dieser kurzen Zeit geschafft haben, ist etwas ganz Besonderes.\u201c<\/p>\n","protected":false},"excerpt":{"rendered":"Vier Tage Vorbereitung f\u00fcr eine Stunde auf der B\u00fchne: Hinter den Kindern, die das Musical \u201eJosef, du schaffst&hellip;\n","protected":false},"author":2,"featured_media":1272229,"comment_status":"","ping_status":"","sticky":false,"template":"","format":"standard","meta":{"footnotes":"","_share_on_mastodon":"0"},"categories":[1849],"tags":[3274,46163,96,3364,29,262730,588,26160,548,663,3934,30,2989,13,186669,22269,21858,1460,262729,4455,12368,36633,14,15,1209,12],"class_list":["post-1272228","post","type-post","status-publish","format-standard","has-post-thumbnail","category-moenchengladbach","tag-kirche","tag-auffuehrung","tag-buehne","tag-de","tag-deutschland","tag-duechting","tag-einsatz","tag-einsaetze","tag-eu","tag-europa","tag-europe","tag-germany","tag-geschichte","tag-headlines","tag-intensive","tag-johanneskirche","tag-josef","tag-kind","tag-luethen","tag-moenchengladbach","tag-musical","tag-musicalbuehne","tag-nachrichten","tag-news","tag-nordrhein-westfalen","tag-schlagzeilen"],"share_on_mastodon":{"url":"https:\/\/pubeurope.com\/@de\/117191430901878813","error":""},"_links":{"self":[{"href":"https:\/\/www.europesays.com\/de\/wp-json\/wp\/v2\/posts\/1272228","targetHints":{"allow":["GET"]}}],"collection":[{"href":"https:\/\/www.europesays.com\/de\/wp-json\/wp\/v2\/posts"}],"about":[{"href":"https:\/\/www.europesays.com\/de\/wp-json\/wp\/v2\/types\/post"}],"author":[{"embeddable":true,"href":"https:\/\/www.europesays.com\/de\/wp-json\/wp\/v2\/users\/2"}],"replies":[{"embeddable":true,"href":"https:\/\/www.europesays.com\/de\/wp-json\/wp\/v2\/comments?post=1272228"}],"version-history":[{"count":0,"href":"https:\/\/www.europesays.com\/de\/wp-json\/wp\/v2\/posts\/1272228\/revisions"}],"wp:featuredmedia":[{"embeddable":true,"href":"https:\/\/www.europesays.com\/de\/wp-json\/wp\/v2\/media\/1272229"}],"wp:attachment":[{"href":"https:\/\/www.europesays.com\/de\/wp-json\/wp\/v2\/media?parent=1272228"}],"wp:term":[{"taxonomy":"category","embeddable":true,"href":"https:\/\/www.europesays.com\/de\/wp-json\/wp\/v2\/categories?post=1272228"},{"taxonomy":"post_tag","embeddable":true,"href":"https:\/\/www.europesays.com\/de\/wp-json\/wp\/v2\/tags?post=1272228"}],"curies":[{"name":"wp","href":"https:\/\/api.w.org\/{rel}","templated":true}]}}