{"id":1272234,"date":"2026-08-31T18:03:14","date_gmt":"2026-08-31T18:03:14","guid":{"rendered":"https:\/\/www.europesays.com\/de\/1272234\/"},"modified":"2026-08-31T18:03:14","modified_gmt":"2026-08-31T18:03:14","slug":"kunstvoll-gestaltete-klaviere-laden-in-augsburg-wieder-zum-spielen-und-zuhoeren-ein","status":"publish","type":"post","link":"https:\/\/www.europesays.com\/de\/1272234\/","title":{"rendered":"Kunstvoll gestaltete Klaviere laden in Augsburg wieder zum Spielen und Zuh\u00f6ren ein"},"content":{"rendered":"<p>Seit zehn Jahren bringt \u201ePlay Me, Augsburg\u201c Kunst, Musik und Begegnung in den \u00f6ffentlichen Raum. Zum Jubil\u00e4um gehen acht neu gestaltete Klaviere auf die Stra\u00dfen der Stadt. Bei der Vernissage wurde deutlich, warum das Projekt l\u00e4ngst zum Augsburger Stadtbild geh\u00f6rt.<\/p>\n<p>Weiterlesen mit<\/p>\n<p>                                                                                <img decoding=\"async\" src=\"https:\/\/www.europesays.com\/de\/wp-content\/uploads\/2025\/04\/donaukurier-plus.png\" alt=\"Plus-Logo\" class=\"paywall-image\"\/><\/p>\n<p class=\"text-center\">\n            Sie sind bereits registriert oder Plus-Abonnent?<\/p>\n<p>                Hier anmelden<\/p>\n","protected":false},"excerpt":{"rendered":"Seit zehn Jahren bringt \u201ePlay Me, Augsburg\u201c Kunst, Musik und Begegnung in den \u00f6ffentlichen Raum. Zum Jubil\u00e4um gehen&hellip;\n","protected":false},"author":2,"featured_media":1272235,"comment_status":"","ping_status":"","sticky":false,"template":"","format":"standard","meta":{"footnotes":"","_share_on_mastodon":"0"},"categories":[1846],"tags":[680,772,3364,29,548,663,3934,30,13,14,15,12],"class_list":["post-1272234","post","type-post","status-publish","format-standard","has-post-thumbnail","category-augsburg","tag-augsburg","tag-bayern","tag-de","tag-deutschland","tag-eu","tag-europa","tag-europe","tag-germany","tag-headlines","tag-nachrichten","tag-news","tag-schlagzeilen"],"share_on_mastodon":{"url":"https:\/\/pubeurope.com\/@de\/117191442697433586","error":""},"_links":{"self":[{"href":"https:\/\/www.europesays.com\/de\/wp-json\/wp\/v2\/posts\/1272234","targetHints":{"allow":["GET"]}}],"collection":[{"href":"https:\/\/www.europesays.com\/de\/wp-json\/wp\/v2\/posts"}],"about":[{"href":"https:\/\/www.europesays.com\/de\/wp-json\/wp\/v2\/types\/post"}],"author":[{"embeddable":true,"href":"https:\/\/www.europesays.com\/de\/wp-json\/wp\/v2\/users\/2"}],"replies":[{"embeddable":true,"href":"https:\/\/www.europesays.com\/de\/wp-json\/wp\/v2\/comments?post=1272234"}],"version-history":[{"count":0,"href":"https:\/\/www.europesays.com\/de\/wp-json\/wp\/v2\/posts\/1272234\/revisions"}],"wp:featuredmedia":[{"embeddable":true,"href":"https:\/\/www.europesays.com\/de\/wp-json\/wp\/v2\/media\/1272235"}],"wp:attachment":[{"href":"https:\/\/www.europesays.com\/de\/wp-json\/wp\/v2\/media?parent=1272234"}],"wp:term":[{"taxonomy":"category","embeddable":true,"href":"https:\/\/www.europesays.com\/de\/wp-json\/wp\/v2\/categories?post=1272234"},{"taxonomy":"post_tag","embeddable":true,"href":"https:\/\/www.europesays.com\/de\/wp-json\/wp\/v2\/tags?post=1272234"}],"curies":[{"name":"wp","href":"https:\/\/api.w.org\/{rel}","templated":true}]}}