{"id":1272243,"date":"2026-08-31T18:08:18","date_gmt":"2026-08-31T18:08:18","guid":{"rendered":"https:\/\/www.europesays.com\/de\/1272243\/"},"modified":"2026-08-31T18:08:18","modified_gmt":"2026-08-31T18:08:18","slug":"fam-regatta-in-hilden-boote-aus-bonn-und-muenster-am-elbsee","status":"publish","type":"post","link":"https:\/\/www.europesays.com\/de\/1272243\/","title":{"rendered":"FAM-Regatta in Hilden: Boote aus Bonn und M\u00fcnster am Elbsee"},"content":{"rendered":"<p class=\"text_ohne_einzug richtext text-em-55 !leading-serif mx-6 desktop:mx-0\">F\u00fcr die FAM-Regatta, die die Segler-Gemeinschaft <a href=\"https:\/\/rp-online.de\/thema\/hilden\/\" rel=\"nofollow noopener\" target=\"_blank\">Hilden<\/a> an zwei Tagen auf dem heimischen Elbsee ausrichtete, pr\u00e4sentierte sich das Wetter nahezu ideal. Es wehte ein m\u00e4\u00dfiger Wind mit Beaufort-St\u00e4rke 4, der dennoch beim Segeln viel Aufmerksamkeit erforderte, da er immer wieder mal b\u00f6ig auffrischte. Zw\u00f6lf FAM-Boote, der Name bezieht sich auf eine Jollenkreuzer-Klasse, die Jollen mit kleinen Kaj\u00fcten bezeichnet, waren f\u00fcr die Regatta gemeldet. Darunter vier externe Boote, deren Eigner nicht Mitglieder in der Segler-Gemeinschaft waren, sondern extra aus <a href=\"https:\/\/rp-online.de\/thema\/bonn\/\" rel=\"nofollow noopener\" target=\"_blank\">Bonn<\/a> oder M\u00fcnster angereist waren. \u201eDie kamen bereits gestern bei uns an, sodass genug Zeit war, die Boote f\u00fcr heute segelfertig zu machen\u201c, sagte Julia Drescher vom Vorstand und f\u00fcr die Segel-Wettk\u00e4mpfe zust\u00e4ndig. <\/p>\n","protected":false},"excerpt":{"rendered":"F\u00fcr die FAM-Regatta, die die Segler-Gemeinschaft Hilden an zwei Tagen auf dem heimischen Elbsee ausrichtete, pr\u00e4sentierte sich das&hellip;\n","protected":false},"author":2,"featured_media":1272244,"comment_status":"","ping_status":"","sticky":false,"template":"","format":"standard","meta":{"footnotes":"","_share_on_mastodon":"0"},"categories":[1843],"tags":[17525,13228,3364,29,262732,262731,25727,44844,30,13313,44866,262734,22040,8970,1209,49560,262735,48164,4454,45742,262733],"class_list":["post-1272243","post","type-post","status-publish","format-standard","has-post-thumbnail","category-muenster","tag-boot","tag-boote","tag-de","tag-deutschland","tag-drescher","tag-fam","tag-gemeinschaft","tag-gemeinschaftlich","tag-germany","tag-hilden","tag-jolle","tag-jollenkreuzer","tag-kreuz","tag-muenster","tag-nordrhein-westfalen","tag-regatta","tag-regattatages","tag-segler","tag-start","tag-startlinie","tag-vereinsstartern"],"share_on_mastodon":{"url":"https:\/\/pubeurope.com\/@de\/117191462761722928","error":""},"_links":{"self":[{"href":"https:\/\/www.europesays.com\/de\/wp-json\/wp\/v2\/posts\/1272243","targetHints":{"allow":["GET"]}}],"collection":[{"href":"https:\/\/www.europesays.com\/de\/wp-json\/wp\/v2\/posts"}],"about":[{"href":"https:\/\/www.europesays.com\/de\/wp-json\/wp\/v2\/types\/post"}],"author":[{"embeddable":true,"href":"https:\/\/www.europesays.com\/de\/wp-json\/wp\/v2\/users\/2"}],"replies":[{"embeddable":true,"href":"https:\/\/www.europesays.com\/de\/wp-json\/wp\/v2\/comments?post=1272243"}],"version-history":[{"count":0,"href":"https:\/\/www.europesays.com\/de\/wp-json\/wp\/v2\/posts\/1272243\/revisions"}],"wp:featuredmedia":[{"embeddable":true,"href":"https:\/\/www.europesays.com\/de\/wp-json\/wp\/v2\/media\/1272244"}],"wp:attachment":[{"href":"https:\/\/www.europesays.com\/de\/wp-json\/wp\/v2\/media?parent=1272243"}],"wp:term":[{"taxonomy":"category","embeddable":true,"href":"https:\/\/www.europesays.com\/de\/wp-json\/wp\/v2\/categories?post=1272243"},{"taxonomy":"post_tag","embeddable":true,"href":"https:\/\/www.europesays.com\/de\/wp-json\/wp\/v2\/tags?post=1272243"}],"curies":[{"name":"wp","href":"https:\/\/api.w.org\/{rel}","templated":true}]}}