{"id":1272251,"date":"2026-08-31T18:12:17","date_gmt":"2026-08-31T18:12:17","guid":{"rendered":"https:\/\/www.europesays.com\/de\/1272251\/"},"modified":"2026-08-31T18:12:17","modified_gmt":"2026-08-31T18:12:17","slug":"rozenga-will-die-bayer-schwimmer-besser-machen","status":"publish","type":"post","link":"https:\/\/www.europesays.com\/de\/1272251\/","title":{"rendered":"Rozenga will die Bayer-Schwimmer besser machen"},"content":{"rendered":"<p class=\"text_ohne_einzug richtext text-em-55 !leading-serif mx-6 desktop:mx-0\">F\u00fcr die Top-Schwimmer des SV Bayer Wuppertal hat an diesem Montag eine neue Zeitrechnung begonnen. Alle waren nat\u00fcrlich gespannt auf ihren neuen Trainer. In der Schwimmoper leitete Harm Rozenga seine erste Trainingseinheit mit der TG\u20051, und diese musste sich zun\u00e4chst einmal sprachlich umstellen. Der 37 Jahre alte Niederl\u00e4nder, Nachfolger von Henning Lambertz und Mitja Zastrow, die im Mai beziehungsweise im Sommer ihr Amt niedergelegt haben, spricht n\u00e4mlich noch nicht viel Deutsch und mit seinen Sch\u00fctzlingen deshalb zun\u00e4chst Englisch.<\/p>\n","protected":false},"excerpt":{"rendered":"F\u00fcr die Top-Schwimmer des SV Bayer Wuppertal hat an diesem Montag eine neue Zeitrechnung begonnen. Alle waren nat\u00fcrlich&hellip;\n","protected":false},"author":2,"featured_media":1272252,"comment_status":"","ping_status":"","sticky":false,"template":"","format":"standard","meta":{"footnotes":"","_share_on_mastodon":"0"},"categories":[1840],"tags":[6605,3364,19732,29,55137,30,116476,1209,262736,43239,679,262737,158249,4418],"class_list":["post-1272251","post","type-post","status-publish","format-standard","has-post-thumbnail","category-wuppertal","tag-bayer","tag-de","tag-deutsch","tag-deutschland","tag-dienstantritt","tag-germany","tag-niederlaender","tag-nordrhein-westfalen","tag-rozinga","tag-schwimmer","tag-top","tag-vitense","tag-volkmar","tag-wuppertal"],"share_on_mastodon":{"url":"https:\/\/pubeurope.com\/@de\/117191478456107837","error":""},"_links":{"self":[{"href":"https:\/\/www.europesays.com\/de\/wp-json\/wp\/v2\/posts\/1272251","targetHints":{"allow":["GET"]}}],"collection":[{"href":"https:\/\/www.europesays.com\/de\/wp-json\/wp\/v2\/posts"}],"about":[{"href":"https:\/\/www.europesays.com\/de\/wp-json\/wp\/v2\/types\/post"}],"author":[{"embeddable":true,"href":"https:\/\/www.europesays.com\/de\/wp-json\/wp\/v2\/users\/2"}],"replies":[{"embeddable":true,"href":"https:\/\/www.europesays.com\/de\/wp-json\/wp\/v2\/comments?post=1272251"}],"version-history":[{"count":0,"href":"https:\/\/www.europesays.com\/de\/wp-json\/wp\/v2\/posts\/1272251\/revisions"}],"wp:featuredmedia":[{"embeddable":true,"href":"https:\/\/www.europesays.com\/de\/wp-json\/wp\/v2\/media\/1272252"}],"wp:attachment":[{"href":"https:\/\/www.europesays.com\/de\/wp-json\/wp\/v2\/media?parent=1272251"}],"wp:term":[{"taxonomy":"category","embeddable":true,"href":"https:\/\/www.europesays.com\/de\/wp-json\/wp\/v2\/categories?post=1272251"},{"taxonomy":"post_tag","embeddable":true,"href":"https:\/\/www.europesays.com\/de\/wp-json\/wp\/v2\/tags?post=1272251"}],"curies":[{"name":"wp","href":"https:\/\/api.w.org\/{rel}","templated":true}]}}