{"id":1272260,"date":"2026-08-31T18:18:26","date_gmt":"2026-08-31T18:18:26","guid":{"rendered":"https:\/\/www.europesays.com\/de\/1272260\/"},"modified":"2026-08-31T18:18:26","modified_gmt":"2026-08-31T18:18:26","slug":"prinz-harrys-plaene-nach-england-heimkehr-sorgen-fuer-empoerung-so-funktioniert-das-nicht","status":"publish","type":"post","link":"https:\/\/www.europesays.com\/de\/1272260\/","title":{"rendered":"Prinz Harrys Pl\u00e4ne nach England-Heimkehr sorgen f\u00fcr Emp\u00f6rung: \u201eSo funktioniert das nicht\u201c"},"content":{"rendered":"<p>\u201eSo funktioniert das nicht\u201c<\/p>\n<p>Prinz Harrys Pl\u00e4ne nach der UK-Heimkehr sorgen f\u00fcr Emp\u00f6rung<\/p>\n<p>von News.de<\/p>\n<p>31.08.2026, 20:00 Uhr<\/p>\n<p>31. August 2026 um 20:00 Uhr<\/p>\n<p>Erschien in Kooperation mit<\/p>\n<p><a href=\"https:\/\/www.news.de\/\" target=\"_blank\" rel=\"sponsored nofollow noopener\" data-qa-partner-block-logo-link=\"\"><img decoding=\"async\" data-hk=\"0000a1142120009061021000010\" class=\"Lazy-Image Lazy-Image--Loading\" loading=\"lazy\" src=\"https:\/\/www.europesays.com\/de\/wp-content\/uploads\/2026\/08\/1788200302_578_d5d2baeb-5e8a-465a-a864-be46409215b5.3cea798f-6d32-4bc2-b22d-41ea0226339f.png\" alt=\"News.de\" width=\"160\" height=\"28\"\/><\/a><\/p>\n<p>Prinz Harry und Herzogin Meghan sind nach Gro\u00dfbritannien zur\u00fcckgekehrt \u2013 mit einem Plan im Gep\u00e4ck. Harry m\u00f6chte Vollzeit-Hausmann sein \u2013 und kassiert prompt Kritik.<\/p>\n<p>Tsch\u00fcss Kalifornien, hallo britische Heimat: <a href=\"https:\/\/www.bunte.de\/royals\/britisches-koenigshaus\/insider-ist-sich-sicher-prinz-harry-will-12-bis-15-jahre-in-grossbritannien-bleiben_14fee8aa-8437-47ae-915e-c6ecd6b1606c.html\" rel=\"follow nofollow noopener\" target=\"_self\">Prinz Harry (41) ist zur\u00fcck in England<\/a> \u2013 und sorgt wenig \u00fcberraschend direkt f\u00fcr Schlagzeilen. Der j\u00fcngere Sohn von K\u00f6nig Charles III. (77) plant, sich mit Ehefrau Meghan und dem gemeinsamen Nachwuchs in den Cotswolds niederzulassen.<\/p>\n<p>ANZEIGE<\/p>\n<p>Allerdings sorgt ein bestimmtes Detail derzeit f\u00fcr einige Aufregung: Laut \u201e<a href=\"https:\/\/www.thetimes.com\/life-style\/celebrity\/article\/what-harry-will-do-as-a-stay-at-home-dad-in-the-cotswolds-2p5x0j0j6\" rel=\"nofollow noopener\" target=\"_blank\">The Times<\/a>\u201c sieht sich Prinz Harry k\u00fcnftig in der Rolle eines Vollzeit-Hausmannes, der sich rund um die Uhr um den eigenen Nachwuchs k\u00fcmmern will und seiner Gattin ihre Karriere im Rampenlicht \u00fcberl\u00e4sst. Eine Selbstbeschreibung, die in den sozialen Medien sofort f\u00fcr hitzige Debatten sorgte.<\/p>\n<p><img decoding=\"async\" data-hk=\"0000a114212000a1514130200010\" class=\"Lazy-Image Lazy-Image--Loading\" loading=\"lazy\"  src=\"https:\/\/www.europesays.com\/de\/wp-content\/uploads\/2026\/08\/1788200304_471_cc6e007a-f20e-48de-ac5a-18f773b384be.76e579d6-21c9-4752-8dca-ca93a94fe786.jpg\"  alt=\"Prinz Harry ist mit Meghan und den Kindern zur\u00fcck in Gro\u00dfbritannien.\" width=\"1280\" height=\"720\"\/> Prinz Harry ist mit Meghan und den Kindern zur\u00fcck in Gro\u00dfbritannien.  IMAGO\/ AAPP Prinz Harry kassiert Schelte f\u00fcr Papa-Pl\u00e4ne: \u201eSo funktioniert das nicht, Sch\u00e4tzchen\u201c<\/p>\n<p>Auf der Plattform X lie\u00dfen die Reaktionen nicht lange auf sich warten. Ein Nutzer brachte die Kritik auf den Punkt: \u201eHausmann? Ihr habt doch weiterhin Kinderm\u00e4dchen, Haush\u00e4lterinnen, K\u00f6che und G\u00e4rtner. Die Kinder sind bis zum Nachmittag in der Schule. Einmal pro Woche Archie beim Rugby zuzuschauen macht dich nicht zum Hausmann. So funktioniert das nicht, Sch\u00e4tzchen.\u201c Der Kern der \u00f6ffentlich ge\u00e4u\u00dferten Vorw\u00fcrfe: Wer ein ganzes Team an Hauspersonal besch\u00e4ftigt, kann sich schwerlich als klassischen Vollzeit-Vater verkaufen. Die Bezeichnung wirkt auf viele Kritiker wie eine bewusste Inszenierung, die mit der Lebensrealit\u00e4t gew\u00f6hnlicher Eltern wenig gemein hat.<\/p>\n<p>ANZEIGEPrinz Harry f\u00fchrt gemeinn\u00fctzige Arbeit fort<\/p>\n<p>Allerdings d\u00fcrfte der Herzog von Sussex kaum den ganzen Tag auf der Couch verbringen. Unterst\u00fctzer verweisen darauf, dass <a href=\"https:\/\/www.bunte.de\/royals\/britisches-koenigshaus\/prinz-harry-reagiert-auf-skandal-bei-naturschutzorganisation_57ac4898-5922-40fa-8202-0fed96c743d6.html\" rel=\"follow nofollow noopener\" target=\"_self\">Prinz Harry seine gemeinn\u00fctzige Arbeit fortf\u00fchren wird. <\/a>Mit den Invictus Games f\u00fcr kriegsversehrte Veteranen hat er ein international beachtetes Projekt aufgebaut. Zudem gr\u00fcndete er die Reiseinitiative Travalyst und engagiert sich als Botschafter f\u00fcr die Organisationen WellChild und Scotty&#8217;s Little Soldiers.<\/p>\n<p>ANZEIGE<\/p>\n<p>Auch Herzogin Meghan wird aller Voraussicht nach nicht unt\u00e4tig bleiben. Es wird vielfach berichtet, dass sie wieder Schauspielrollen annehmen k\u00f6nnte \u2013 eine R\u00fcckkehr zu dem Beruf, den sie vor fast einem Jahrzehnt an den Nagel h\u00e4ngte.<\/p>\n<p><img decoding=\"async\" data-hk=\"0000a114212000a151a11130200010\" class=\"Lazy-Image Lazy-Image--Loading\" loading=\"lazy\"  src=\"https:\/\/www.europesays.com\/de\/wp-content\/uploads\/2026\/08\/b4ec81da-4fc1-43f7-895b-a9f805cf82c2.299aab18-08a3-4be6-8f6b-4d3159d6add6.jpg\"  alt=\"Bei UK-R\u00fcckkehr: Milliard\u00e4r soll Harry und Meghan finanziell helfen\" width=\"1080\" height=\"720\"\/> Bei UK-R\u00fcckkehr: Milliard\u00e4r soll Harry und Meghan finanziell helfen   IMAGO \/ ZUMA Press Wire Prinz Harry und Meghan sind zur\u00fcck in England \u2013 doch wie lange?<\/p>\n<p>Ob die Sussexes dauerhaft in Gro\u00dfbritannien bleiben werden, ist bislang v\u00f6llig offen. Harry und Meghan haben nicht erkl\u00e4rt, ob es sich um einen endg\u00fcltigen Umzug handelt oder lediglich um einen Aufenthalt auf Zeit \u2013 so wie einst auch das Leben im kalifornischen Montecito begann. <\/p>\n<p>ANZEIGE<\/p>\n<p>Klar scheint hingegen eines: Eine R\u00fcckkehr zu offiziellen royalen Pflichten steht nicht auf dem Programm. Das Paar hatte seine k\u00f6niglichen Aufgaben mit dem Wegzug in die USA formal niedergelegt, und daran d\u00fcrfte sich laut bisherigen Berichten auch mit der R\u00fcckkehr auf die Insel nichts \u00e4ndern.<\/p>\n","protected":false},"excerpt":{"rendered":"\u201eSo funktioniert das nicht\u201c Prinz Harrys Pl\u00e4ne nach der UK-Heimkehr sorgen f\u00fcr Emp\u00f6rung von News.de 31.08.2026, 20:00 Uhr&hellip;\n","protected":false},"author":2,"featured_media":1272261,"comment_status":"","ping_status":"","sticky":false,"template":"","format":"standard","meta":{"footnotes":"","_share_on_mastodon":"0"},"categories":[3976],"tags":[331,332,13,14,15,12,3992,3993,3994,3995,3996,3997],"class_list":["post-1272260","post","type-post","status-publish","format-standard","has-post-thumbnail","category-vereinigtes-koenigreich","tag-aktuelle-nachrichten","tag-aktuelle-news","tag-headlines","tag-nachrichten","tag-news","tag-schlagzeilen","tag-uk","tag-united-kingdom","tag-united-kingdom-of-great-britain-and-northern-ireland","tag-vereinigtes-koenigreich","tag-vereinigtes-koenigreich-grossbritannien-und-nordirland","tag-vereinigtes-koenigreich-von-grossbritannien-und-nordirland"],"share_on_mastodon":{"url":"https:\/\/pubeurope.com\/@de\/117191504757386002","error":""},"_links":{"self":[{"href":"https:\/\/www.europesays.com\/de\/wp-json\/wp\/v2\/posts\/1272260","targetHints":{"allow":["GET"]}}],"collection":[{"href":"https:\/\/www.europesays.com\/de\/wp-json\/wp\/v2\/posts"}],"about":[{"href":"https:\/\/www.europesays.com\/de\/wp-json\/wp\/v2\/types\/post"}],"author":[{"embeddable":true,"href":"https:\/\/www.europesays.com\/de\/wp-json\/wp\/v2\/users\/2"}],"replies":[{"embeddable":true,"href":"https:\/\/www.europesays.com\/de\/wp-json\/wp\/v2\/comments?post=1272260"}],"version-history":[{"count":0,"href":"https:\/\/www.europesays.com\/de\/wp-json\/wp\/v2\/posts\/1272260\/revisions"}],"wp:featuredmedia":[{"embeddable":true,"href":"https:\/\/www.europesays.com\/de\/wp-json\/wp\/v2\/media\/1272261"}],"wp:attachment":[{"href":"https:\/\/www.europesays.com\/de\/wp-json\/wp\/v2\/media?parent=1272260"}],"wp:term":[{"taxonomy":"category","embeddable":true,"href":"https:\/\/www.europesays.com\/de\/wp-json\/wp\/v2\/categories?post=1272260"},{"taxonomy":"post_tag","embeddable":true,"href":"https:\/\/www.europesays.com\/de\/wp-json\/wp\/v2\/tags?post=1272260"}],"curies":[{"name":"wp","href":"https:\/\/api.w.org\/{rel}","templated":true}]}}