{"id":1272283,"date":"2026-08-31T18:33:29","date_gmt":"2026-08-31T18:33:29","guid":{"rendered":"https:\/\/www.europesays.com\/de\/1272283\/"},"modified":"2026-08-31T18:33:29","modified_gmt":"2026-08-31T18:33:29","slug":"pol-h-zwei-schwerpunkteinsaetze-in-hannovers-innenstadt-polizei-zieht-bilanz","status":"publish","type":"post","link":"https:\/\/www.europesays.com\/de\/1272283\/","title":{"rendered":"POL-H: Zwei Schwerpunkteins\u00e4tze in Hannovers Innenstadt &#8211; Polizei zieht Bilanz"},"content":{"rendered":"<p class=\"date\">31.08.2026 \u2013 14:57<\/p>\n<p class=\"customer\">\n                        <a class=\"story-customer\" title=\"weiter zum newsroom von Polizeidirektion Hannover\" href=\"https:\/\/www.presseportal.de\/blaulicht\/nr\/66841\" rel=\"nofollow noopener\" target=\"_blank\">Polizeidirektion Hannover<\/a>\n                    <\/p>\n<p><a data-category=\"citylink-story-view\" data-action=\"click\" data-label=\"Citylink in Meldungsansicht\" class=\"story-city event-trigger\" href=\"https:\/\/www.presseportal.de\/regional\/Hannover\" title=\"News aus Hannover \" rel=\"nofollow noopener\" target=\"_blank\">Hannover<\/a> (ots)<\/p>\n<p>Mit zwei Schwerpunkteins\u00e4tzen hat die Polizei Hannover am Donnerstag, 27.08.2026, sowie von Samstag, 29.08.2026, auf Sonntag, 30.08.2026, ihre Pr\u00e4senz in der Innenstadt verst\u00e4rkt. Im Fokus standen unter anderem die Verhinderung und Verfolgung von Straftaten, die Gewaltpr\u00e4vention sowie Kontrollen in der Waffenverbotszone. Dar\u00fcber hinaus nahmen die Einsatzkr\u00e4fte die Bereiche Jugendpr\u00e4vention sowie Poser und Tuning in den Blick.<\/p>\n<p>Am Donnerstag f\u00fchrten Einsatzkr\u00e4fte der Polizeidirektion Hannover gemeinsam mit Kr\u00e4ften der Zentralen Polizeidirektion Niedersachsen, der Bundespolizei und der Landeshauptstadt Hannover umfangreiche Kontrollen durch. Dabei stellten sie die Identit\u00e4ten von \u00fcber 180 Personen fest, f\u00fchrten \u00fcber 200 Durchsuchungen von Personen beziehungsweise mitgef\u00fchrten Sachen durch und sprachen 22 Platzverweise aus. Im Rahmen der Kontrollen stellten die Einsatzkr\u00e4fte insgesamt acht Messer in der Waffenverbotszone sicher. Drei Personen wurden vorl\u00e4ufig festgenommen. Die Polizei leitete unter anderem Ermittlungsverfahren wegen K\u00f6rperverletzungsdelikten sowie Verst\u00f6\u00dfen gegen das Waffen- und Bet\u00e4ubungsmittelgesetz ein.<\/p>\n<p>Am Samstag setzte die Polizei die Schwerpunktma\u00dfnahmen in der Innenstadt fort. Neben uniformierten Kr\u00e4ften waren auch zivile Einsatzkr\u00e4fte unterwegs. Diese beobachteten unter anderem einen 36-J\u00e4hrigen beim Handel mit Kokain und stellten bei ihm mutma\u00dfliches Dealgeld sicher. In einem weiteren Fall kontrollierten die Einsatzkr\u00e4fte einen 20-J\u00e4hrigen und fanden bei ihm sieben Verkaufseinheiten Marihuana, Bargeld sowie Verpackungsmaterialien. Der 20-J\u00e4hrige wurde festgenommen und in das Polizeigewahrsam gebracht.<\/p>\n<p>Auch die Waffenverbotszone stand im Fokus der Kontrollen. Insgesamt stellten die Einsatzkr\u00e4fte dort vier Verst\u00f6\u00dfe fest. Unter anderem f\u00fchrte ein 21-J\u00e4hriger ein Messer mit feststehender Klinge griffbereit in seiner Jacke mit sich.<\/p>\n<p>Auch die sogenannte Poser- und Tuningszene stand im Fokus. Unter anderem ahndeten die Einsatzkr\u00e4fte zwei F\u00e4lle unn\u00f6tig lauten Beschleunigens sowie zwei Geschwindigkeitsverst\u00f6\u00dfe. Bei einem weiteren Fahrzeug bestand kein g\u00fcltiger Versicherungsschutz, sodass die Einsatzkr\u00e4fte die Weiterfahrt untersagten. Weitere Einsatzkr\u00e4fte f\u00fchrten zudem pr\u00e4ventive Kontrollen und Gespr\u00e4che mit Jugendlichen und Heranwachsenden durch.<\/p>\n<p>Im Verlauf des Samstagseinsatzes stellte die Polizei unter anderem Kokain, Crack und Marihuana, Bargeld, eine Anscheinswaffe sowie einen E-Scooter sicher beziehungsweise beschlagnahmte diese. 17 Personen erhielten einen Platzverweis, eine Person wurde in Gewahrsam genommen. Zudem leitete die Polizei zahlreiche Straf- und Ordnungswidrigkeitenverfahren ein. Eine Einsatzkraft wurde w\u00e4hrend einer Kontrolle durch Tritte leicht verletzt, blieb jedoch dienstf\u00e4hig.<\/p>\n<p>Die Polizei Hannover wird auch k\u00fcnftig mit zielgerichteten Kontrollen und sichtbarer Pr\u00e4senz zur Sicherheit in der Innenstadt beitragen. \/dok, ms<\/p>\n<p class=\"contact-headline\">R\u00fcckfragen bitte an:<\/p>\n<p class=\"contact-text\">Polizeidirektion Hannover<br \/>Dominique Knost<br \/>Telefon: 0511 109-1040<br \/>E-Mail: <a href=\"https:\/\/www.presseportal.de\/blaulicht\/pm\/66841\/mailto:pressestelle@pd-h.polizei.niedersachsen.de\" class=\"uri-mailto\" rel=\"nofollow noopener\" target=\"_blank\">pressestelle@pd-h.polizei.niedersachsen.de<\/a><br \/><a target=\"_blank\" class=\"uri-ext outbound\" rel=\"noopener nofollow\" href=\"https:\/\/www.pd-h.polizei-nds.de\">https:\/\/www.pd-h.polizei-nds.de<\/a><\/p>\n<p class=\"originator\">Original-Content von: Polizeidirektion Hannover, \u00fcbermittelt durch news aktuell<\/p>\n","protected":false},"excerpt":{"rendered":"31.08.2026 \u2013 14:57 Polizeidirektion Hannover Hannover (ots) Mit zwei Schwerpunkteins\u00e4tzen hat die Polizei Hannover am Donnerstag, 27.08.2026, sowie&hellip;\n","protected":false},"author":2,"featured_media":1266941,"comment_status":"","ping_status":"","sticky":false,"template":"","format":"standard","meta":{"footnotes":"","_share_on_mastodon":"0"},"categories":[1836],"tags":[3364,29,30,46,177,5404,1411,121,178,180,179,181],"class_list":["post-1272283","post","type-post","status-publish","format-standard","has-post-thumbnail","category-hannover","tag-de","tag-deutschland","tag-germany","tag-hannover","tag-kriminalitt","tag-ni","tag-niedersachsen","tag-polizei","tag-presse","tag-pressemeldung","tag-pressemitteilung","tag-pressemitteilungen"],"share_on_mastodon":{"url":"","error":""},"_links":{"self":[{"href":"https:\/\/www.europesays.com\/de\/wp-json\/wp\/v2\/posts\/1272283","targetHints":{"allow":["GET"]}}],"collection":[{"href":"https:\/\/www.europesays.com\/de\/wp-json\/wp\/v2\/posts"}],"about":[{"href":"https:\/\/www.europesays.com\/de\/wp-json\/wp\/v2\/types\/post"}],"author":[{"embeddable":true,"href":"https:\/\/www.europesays.com\/de\/wp-json\/wp\/v2\/users\/2"}],"replies":[{"embeddable":true,"href":"https:\/\/www.europesays.com\/de\/wp-json\/wp\/v2\/comments?post=1272283"}],"version-history":[{"count":0,"href":"https:\/\/www.europesays.com\/de\/wp-json\/wp\/v2\/posts\/1272283\/revisions"}],"wp:featuredmedia":[{"embeddable":true,"href":"https:\/\/www.europesays.com\/de\/wp-json\/wp\/v2\/media\/1266941"}],"wp:attachment":[{"href":"https:\/\/www.europesays.com\/de\/wp-json\/wp\/v2\/media?parent=1272283"}],"wp:term":[{"taxonomy":"category","embeddable":true,"href":"https:\/\/www.europesays.com\/de\/wp-json\/wp\/v2\/categories?post=1272283"},{"taxonomy":"post_tag","embeddable":true,"href":"https:\/\/www.europesays.com\/de\/wp-json\/wp\/v2\/tags?post=1272283"}],"curies":[{"name":"wp","href":"https:\/\/api.w.org\/{rel}","templated":true}]}}