{"id":1272285,"date":"2026-08-31T18:36:52","date_gmt":"2026-08-31T18:36:52","guid":{"rendered":"https:\/\/www.europesays.com\/de\/1272285\/"},"modified":"2026-08-31T18:36:52","modified_gmt":"2026-08-31T18:36:52","slug":"volle-power-beim-kickerinnencup-neustadt-gefluester","status":"publish","type":"post","link":"https:\/\/www.europesays.com\/de\/1272285\/","title":{"rendered":"Volle Power beim Kickerinnen*Cup &#8211; Neustadt-Gefl\u00fcster"},"content":{"rendered":"<p>Beim diesj\u00e4hrigen Kickerinnen*Cup traten am vergangenen Sonnabend sieben Flinta*-Teams gegeneinander an. Zwischen sportlichem Ehrgeiz, kr\u00e4ftigen Sch\u00fcssen und einer Menge guter Laune zeigte sich schnell: \u201eBolzen ist f\u00fcr alle da\u201c. Doch ob das beliebte Turnier auch im kommenden Jahr wieder stattfinden kann, ist noch unklar.<br \/>\n<img fetchpriority=\"high\" decoding=\"async\" class=\"size-full wp-image-241195\" src=\"https:\/\/www.europesays.com\/de\/wp-content\/uploads\/2026\/08\/2026-08-29-Cup1.jpg\" alt=\"Banner mit klaren Botschaften \u2013 Foto: Mercedes Braun\" width=\"2400\" height=\"1350\"  \/>Banner mit klaren Botschaften \u2013 Foto: Mercedes Braun\n<\/p>\n<p>Der <a target=\"_blank\" href=\"https:\/\/kickerinnencupdd.wordpress.com\" rel=\"nofollow noopener\">Kickerinnen*Cup<\/a> ist ein queerfeministisches Fu\u00dfballturnier, das vom <a target=\"_blank\" href=\"https:\/\/www.frauen-ev-sowieso.de\" rel=\"nofollow noopener\">*sowieso*<\/a> unterst\u00fctzt wird und in diesem Jahr zum siebten Mal in Dresden stattfand. Auch in diesem Jahr wurde der Wettbewerb wieder in der <a target=\"_blank\" href=\"https:\/\/www.malwina-dresden.de\/louise-haus-fuer-kinder-jugendliche-und-familien\" rel=\"nofollow noopener\">Louise<\/a> ausgetragen. Auf dem Platz spielen ausschlie\u00dflich Flinta* \u2013 also Frauen und M\u00e4dchen sowie lesbische, inter*, trans* und agender Personen.\n<\/p>\n<p>Schon w\u00e4hrend der Spiele wurde deutlich, dass es hier nicht nur darum ging, wer am Ende die meisten Tore schoss, sondern vor allem um das Miteinander. Die Stimmung war ausgelassen und auch f\u00fcr die gegnerischen Teams wurde mitgefiebert und angefeuert.<br \/>\n<img loading=\"lazy\" decoding=\"async\" class=\"size-full wp-image-241197\" src=\"https:\/\/www.europesays.com\/de\/wp-content\/uploads\/2026\/08\/2026-08-29-Cup2.jpg\" alt=\"Hier wird gekickt, mit Ehrgeiz und guter Stimmung \u2013 Foto: Mercedes Braun\" width=\"2400\" height=\"1350\"  \/>Hier wird gekickt, mit Ehrgeiz und ausgelassener Stimmung \u2013 Foto: Kickerinnen*Cup\n<\/p>\n<p>Trotzdem wurde auf dem Platz keineswegs mit angezogener Handbremse gespielt. So mancher harte Schuss sorgte auch am Zuschauernetz f\u00fcr kurze Schreckmomente.<\/p>\n<p>Vom Fu\u00dfball zum Entengolf<\/p>\n<p>Die sieben Teams traten in unterschiedlichen Leistungsstufen gegeneinander an. Die Einsteiger*innen spielten in der Gruppe \u201eZauberf\u00fc\u00dfe\u201c, w\u00e4hrend die erfahrenen Teams bei den \u201ePassAssen\u201c antraten. Unter den Teilnehmenden waren zum Beispiel die Dresdner Gruppe <a target=\"_blank\" href=\"https:\/\/www.instagram.com\/queermondaydd\/?hl=de\" rel=\"nofollow noopener\">Queer Monday<\/a>, aber auch Teilnehmende mit weiterer Anreise, wie die<a target=\"_blank\" href=\"https:\/\/www.rosapanther.de\" rel=\"nofollow noopener\"> Rosa Panther<\/a> aus N\u00fcrnberg.\n<\/p>\n<p>Neben dem Fu\u00dfball gab es in diesem Jahr eine zweite Disziplin: das Entengolfen. Klingt genauso lustig wie es aussah. Kleine Gummienten mussten mit m\u00f6glichst wenigen Schl\u00e4gen ans Ziel kommen. Die Spielenden zeigten sich sichtlich begeistert: \u201eDas macht so viel Spa\u00df!\u201c<br \/>\n<img loading=\"lazy\" decoding=\"async\" class=\"size-full wp-image-241196\" src=\"https:\/\/www.europesays.com\/de\/wp-content\/uploads\/2026\/08\/2026-08-29-Cup3.jpg\" alt=\"Beim Entengolf konnten die Teams zus\u00e4tzliche Punkte sammeln \u2013 Foto: Mercedes Braun\" width=\"2400\" height=\"1350\"  \/>Beim Entengolf konnten die Teams zus\u00e4tzliche Punkte sammeln \u2013 Foto: Mercedes Braun\n<\/p>\n<p>Unterst\u00fctzt wurde die Veranstaltung au\u00dferdem von verschiedenen Projekten und Vereinen. Mit dabei waren unter anderem <a target=\"_blank\" href=\"https:\/\/mission-lifeline.de\" rel=\"nofollow noopener\">Mission Lifeline<\/a> und <a target=\"_blank\" href=\"https:\/\/www.demokrateam.org\/buendnis\/azubis-gegen-rechts-dresden\/\" rel=\"nofollow noopener\">Azubis gegen Rechts<\/a>. Auch Kinderbetreuung, ein Awareness-Team und Sanit\u00e4tspersonen waren vor Ort. F\u00fcr ausreichend Essen und Getr\u00e4nke auf Spendenbasis war ebenfalls gesorgt.\n<\/p>\n<p>Am Ende konnten sich BSG Stars n Roses aus Leipzig (Zauberf\u00fc\u00dfe) und Sergo (PassAsse) jeweils den ersten Platz sichern. Als Preis gab es f\u00fcr beide Teams einen goldenen Flamingo-Pokal.<\/p>\n<p>Kicken ohne Vorurteile<\/p>\n<p>Fu\u00dfball begeistert Menschen auf der ganzen Welt, doch warum braucht es \u00fcberhaupt ein Turnier explizit f\u00fcr Flinta-Personen? Die Veranstaltungsleitung erkl\u00e4rt: \u201eEin Flinta-Turnier gibt den Menschen Raum, die sonst kaum sichtbar sind, um sich in entspannter Atmosph\u00e4re ohne Leistungsdruck auszuprobieren oder fern von absch\u00e4tzigen Blicken das eigene K\u00f6nnen zu zeigen.\u201c\n<\/p>\n<p>Dabei geht es den Organisator*innen um \u201eFehlerfreundlichkeit\u201c. Niemand muss perfekt Fu\u00dfball spielen k\u00f6nnen, um mitzumachen. Keinen Platz haben dagegen rassistische oder andere menschenfeindliche \u00dcberzeugungen.<br \/>\n<img loading=\"lazy\" decoding=\"async\" class=\"size-full wp-image-241198\" src=\"https:\/\/www.europesays.com\/de\/wp-content\/uploads\/2026\/08\/2026-08-29-Cup4.jpg\" alt=\"Nicht jeder Schuss muss sitzen, aber der Umgang miteinander schon \u2013 Foto: Mercedes Braun\" width=\"2400\" height=\"1350\"  \/>Nicht jeder Schuss muss sitzen, aber der Umgang miteinander schon \u2013 Foto: Mercedes Braun\n<\/p>\n<p>Dass das Konzept auf Interesse st\u00f6\u00dft, zeigte sich bereits vor sechs Jahren. Von Anfang an stie\u00df das Turnier auf gro\u00dfe Resonanz. Gleichzeitig haben sich die Rahmenbedingungen ver\u00e4ndert. Das Organisationsteam ist im Laufe der Jahre kleiner geworden. Aktuell ist unklar, ob die Veranstalter*innen die Kapazit\u00e4ten f\u00fcr ein weiteres Turnier haben.\n<\/p>\n<p>Ungewisse Zukunft<\/p>\n<p>Damit der Kickerinnen*Cup auch zuk\u00fcnftig stattfinden kann, braucht es Unterst\u00fctzung hinter den Kulissen. Die Veranstalter*innen w\u00fcnschen sich Flinta-Personen, die Lust auf Organisation haben \u2013 auch wenn sie selbst keine Fu\u00dfballkenntnisse mitbringen. Auch Unterst\u00fctzung f\u00fcr nur eine Saison ist willkommen.\n<\/p>\n<p>Dar\u00fcber hinaus sind Helfer*innen jeden Geschlechts gefragt, die am Veranstaltungstag bei den St\u00e4nden unterst\u00fctzen k\u00f6nnen. Von den teilnehmenden Teams w\u00fcnscht die Organisation sich vor allem eine fr\u00fchzeitige Anmeldung und eine gute Erreichbarkeit f\u00fcr Absprachen.\n<\/p>\n<p>Ob es ein Wiedersehen auf dem Platz geben wird, bleibt abzuwarten. Eines ist jedoch klar: Das Interesse an einem solchen Turnier ist weiterhin gro\u00df.\n<\/p>\n<p>    <script async src=\"\/\/www.instagram.com\/embed.js\"><\/script><\/p>\n","protected":false},"excerpt":{"rendered":"Beim diesj\u00e4hrigen Kickerinnen*Cup traten am vergangenen Sonnabend sieben Flinta*-Teams gegeneinander an. Zwischen sportlichem Ehrgeiz, kr\u00e4ftigen Sch\u00fcssen und einer&hellip;\n","protected":false},"author":2,"featured_media":1272286,"comment_status":"","ping_status":"","sticky":false,"template":"","format":"standard","meta":{"footnotes":"","_share_on_mastodon":"0"},"categories":[1835],"tags":[3364,29,2386,347,30,262738,176242,859,151762,265],"class_list":["post-1272285","post","type-post","status-publish","format-standard","has-post-thumbnail","category-dresden","tag-de","tag-deutschland","tag-dresden","tag-fussball","tag-germany","tag-kickerinnencup","tag-louise","tag-sachsen","tag-sowieso-e-v","tag-sport"],"share_on_mastodon":{"url":"https:\/\/pubeurope.com\/@de\/117191579930562746","error":""},"_links":{"self":[{"href":"https:\/\/www.europesays.com\/de\/wp-json\/wp\/v2\/posts\/1272285","targetHints":{"allow":["GET"]}}],"collection":[{"href":"https:\/\/www.europesays.com\/de\/wp-json\/wp\/v2\/posts"}],"about":[{"href":"https:\/\/www.europesays.com\/de\/wp-json\/wp\/v2\/types\/post"}],"author":[{"embeddable":true,"href":"https:\/\/www.europesays.com\/de\/wp-json\/wp\/v2\/users\/2"}],"replies":[{"embeddable":true,"href":"https:\/\/www.europesays.com\/de\/wp-json\/wp\/v2\/comments?post=1272285"}],"version-history":[{"count":0,"href":"https:\/\/www.europesays.com\/de\/wp-json\/wp\/v2\/posts\/1272285\/revisions"}],"wp:featuredmedia":[{"embeddable":true,"href":"https:\/\/www.europesays.com\/de\/wp-json\/wp\/v2\/media\/1272286"}],"wp:attachment":[{"href":"https:\/\/www.europesays.com\/de\/wp-json\/wp\/v2\/media?parent=1272285"}],"wp:term":[{"taxonomy":"category","embeddable":true,"href":"https:\/\/www.europesays.com\/de\/wp-json\/wp\/v2\/categories?post=1272285"},{"taxonomy":"post_tag","embeddable":true,"href":"https:\/\/www.europesays.com\/de\/wp-json\/wp\/v2\/tags?post=1272285"}],"curies":[{"name":"wp","href":"https:\/\/api.w.org\/{rel}","templated":true}]}}