{"id":1272287,"date":"2026-08-31T18:38:16","date_gmt":"2026-08-31T18:38:16","guid":{"rendered":"https:\/\/www.europesays.com\/de\/1272287\/"},"modified":"2026-08-31T18:38:16","modified_gmt":"2026-08-31T18:38:16","slug":"buntes-gastmahl-in-dresden-auf-dem-neumarkt-wurde-aufgetafelt","status":"publish","type":"post","link":"https:\/\/www.europesays.com\/de\/1272287\/","title":{"rendered":"Buntes Gastmahl in Dresden: Auf dem Neumarkt wurde aufgetafelt"},"content":{"rendered":"<p>Dresden &#8211; <strong>Zum zehnten Mal luden am Montag rund 280 Tische und \u00fcber 200 Organisationen, darunter Vertreter von Bildungs- und Lehrst\u00e4tten sowie Sponsoren, zum 10. Gastmahl &#8222;Dresden is(s)t bunt&#8220; auf den Neumarkt ein.<\/strong> <\/p>\n<p>            <img loading=\"lazy\" decoding=\"async\" class=\"article__img\" alt=\"Zehnj\u00e4hriges Jubil\u00e4um f\u00fcr das Gastmahl &quot;Dresden is(s)t bunt&quot;. Dieses Mal auf dem Neumarkt.\" width=\"951\" height=\"634\" src=\"https:\/\/www.europesays.com\/de\/wp-content\/uploads\/2026\/08\/dxjh9kfefm0anq261xjh9py32xkdk7wu.jpg\"  \/><\/p>\n<p>            Zehnj\u00e4hriges Jubil\u00e4um f\u00fcr das Gastmahl &#8222;Dresden is(s)t bunt&#8220;. Dieses Mal auf dem Neumarkt.\u00a0\u00a0\u00a9\u00a0Thomas T\u00fcrpe<\/p>\n<p>Auf Initiative der Cellex-Stiftung wurde bis in die Abendstunden hinein aufgetafelt, um miteinander vor der Frauenkirche zu plaudern.<\/p>\n<p>&#8222;Das Zusammenleben der Kulturen ist in <a rel=\"nofollow noopener\" class=\"intern-link\" href=\"https:\/\/www.tag24.de\/dresden\/dresden-veranstaltungen\" data-vars-href=\"https:\/\/www.tag24.de\/dresden\/dresden-veranstaltungen\" data-vars-identifier=\"1788199091957\" data-vars-origin-id=\"2716\" data-vars- target=\"_blank\">Dresden <\/a>gelebter Alltag in Beruf und Freizeit. Wir hatten die Idee, aus dieser Normalit\u00e4t eine lange Tafel zu bauen. Und wir haben offenbar einen Nerv getroffen&#8220;, erkl\u00e4rt eine Sprecherin der Cellex-Stiftung \u00fcberzeugt. <\/p>\n<p>Denn an der ersten Tafel sa\u00dfen damals noch 100 Gespr\u00e4chspartner, nun seien es mehr als doppelt so viele Mitwirkende.<\/p>\n<p><strong>Die Tafel soll auch in Zukunft wachsen: &#8222;Begegnungen an einem gemeinsamen Tisch schaffen eine N\u00e4he, die weder durch KI noch durch Algorithmen ersetzbar ist.&#8220; <\/strong><\/p>\n","protected":false},"excerpt":{"rendered":"Dresden &#8211; Zum zehnten Mal luden am Montag rund 280 Tische und \u00fcber 200 Organisationen, darunter Vertreter von&hellip;\n","protected":false},"author":2,"featured_media":1272288,"comment_status":"","ping_status":"","sticky":false,"template":"","format":"standard","meta":{"footnotes":"","_share_on_mastodon":"0"},"categories":[1835],"tags":[3364,29,2386,30,859],"class_list":["post-1272287","post","type-post","status-publish","format-standard","has-post-thumbnail","category-dresden","tag-de","tag-deutschland","tag-dresden","tag-germany","tag-sachsen"],"share_on_mastodon":{"url":"https:\/\/pubeurope.com\/@de\/117191580627761803","error":""},"_links":{"self":[{"href":"https:\/\/www.europesays.com\/de\/wp-json\/wp\/v2\/posts\/1272287","targetHints":{"allow":["GET"]}}],"collection":[{"href":"https:\/\/www.europesays.com\/de\/wp-json\/wp\/v2\/posts"}],"about":[{"href":"https:\/\/www.europesays.com\/de\/wp-json\/wp\/v2\/types\/post"}],"author":[{"embeddable":true,"href":"https:\/\/www.europesays.com\/de\/wp-json\/wp\/v2\/users\/2"}],"replies":[{"embeddable":true,"href":"https:\/\/www.europesays.com\/de\/wp-json\/wp\/v2\/comments?post=1272287"}],"version-history":[{"count":0,"href":"https:\/\/www.europesays.com\/de\/wp-json\/wp\/v2\/posts\/1272287\/revisions"}],"wp:featuredmedia":[{"embeddable":true,"href":"https:\/\/www.europesays.com\/de\/wp-json\/wp\/v2\/media\/1272288"}],"wp:attachment":[{"href":"https:\/\/www.europesays.com\/de\/wp-json\/wp\/v2\/media?parent=1272287"}],"wp:term":[{"taxonomy":"category","embeddable":true,"href":"https:\/\/www.europesays.com\/de\/wp-json\/wp\/v2\/categories?post=1272287"},{"taxonomy":"post_tag","embeddable":true,"href":"https:\/\/www.europesays.com\/de\/wp-json\/wp\/v2\/tags?post=1272287"}],"curies":[{"name":"wp","href":"https:\/\/api.w.org\/{rel}","templated":true}]}}