{"id":1272291,"date":"2026-08-31T18:40:22","date_gmt":"2026-08-31T18:40:22","guid":{"rendered":"https:\/\/www.europesays.com\/de\/1272291\/"},"modified":"2026-08-31T18:40:22","modified_gmt":"2026-08-31T18:40:22","slug":"bremen-leiht-ajax-profi-aus","status":"publish","type":"post","link":"https:\/\/www.europesays.com\/de\/1272291\/","title":{"rendered":"Bremen leiht Ajax-Profi aus"},"content":{"rendered":"<p>&#13;<br \/>\n            Bremen. Der SV Werder Bremen leiht bis zum Saisonende Youri Regeer von Ajax Amsterdam aus. Dies allerdings vorbehaltlich der Abwicklung durch die Verb\u00e4nde, hie\u00df es in einer Mitteilung. \u201eWir haben Youri schon l\u00e4nger beobachtet und freuen uns, dass sich nun die Gelegenheit ergeben hat, ihn f\u00fcr uns zu gewinnen\u201c, sagte Werders Profifu\u00dfball-Leiter Peter Niemeyer.\u00a0 <\/p>\n<p>Reeger ist 23 Jahre alt und spielt im Mittelfeld, er begann beim SV Zandvoort. \u00dcber Rijnsburgse Boys und ADO Den Haag wechselte er in die Jugend von Ajax Amsterdam. Nach einem zweij\u00e4hrigen Intermezzo beim FC Twente Enschede spielte er seit 2025 wieder f\u00fcr zu Ajax. <\/p>\n","protected":false},"excerpt":{"rendered":"&#13; Bremen. Der SV Werder Bremen leiht bis zum Saisonende Youri Regeer von Ajax Amsterdam aus. Dies allerdings&hellip;\n","protected":false},"author":2,"featured_media":1272292,"comment_status":"","ping_status":"","sticky":false,"template":"","format":"standard","meta":{"footnotes":"","_share_on_mastodon":"0"},"categories":[1824],"tags":[2420,299,3364,29,5282,30,2365],"class_list":["post-1272291","post","type-post","status-publish","format-standard","has-post-thumbnail","category-bremen","tag-bremen","tag-bundesliga","tag-de","tag-deutschland","tag-fuball","tag-germany","tag-sv-werder-bremen"],"share_on_mastodon":{"url":"https:\/\/pubeurope.com\/@de\/117191588221270546","error":""},"_links":{"self":[{"href":"https:\/\/www.europesays.com\/de\/wp-json\/wp\/v2\/posts\/1272291","targetHints":{"allow":["GET"]}}],"collection":[{"href":"https:\/\/www.europesays.com\/de\/wp-json\/wp\/v2\/posts"}],"about":[{"href":"https:\/\/www.europesays.com\/de\/wp-json\/wp\/v2\/types\/post"}],"author":[{"embeddable":true,"href":"https:\/\/www.europesays.com\/de\/wp-json\/wp\/v2\/users\/2"}],"replies":[{"embeddable":true,"href":"https:\/\/www.europesays.com\/de\/wp-json\/wp\/v2\/comments?post=1272291"}],"version-history":[{"count":0,"href":"https:\/\/www.europesays.com\/de\/wp-json\/wp\/v2\/posts\/1272291\/revisions"}],"wp:featuredmedia":[{"embeddable":true,"href":"https:\/\/www.europesays.com\/de\/wp-json\/wp\/v2\/media\/1272292"}],"wp:attachment":[{"href":"https:\/\/www.europesays.com\/de\/wp-json\/wp\/v2\/media?parent=1272291"}],"wp:term":[{"taxonomy":"category","embeddable":true,"href":"https:\/\/www.europesays.com\/de\/wp-json\/wp\/v2\/categories?post=1272291"},{"taxonomy":"post_tag","embeddable":true,"href":"https:\/\/www.europesays.com\/de\/wp-json\/wp\/v2\/tags?post=1272291"}],"curies":[{"name":"wp","href":"https:\/\/api.w.org\/{rel}","templated":true}]}}