{"id":1272321,"date":"2026-08-31T18:58:14","date_gmt":"2026-08-31T18:58:14","guid":{"rendered":"https:\/\/www.europesays.com\/de\/1272321\/"},"modified":"2026-08-31T18:58:14","modified_gmt":"2026-08-31T18:58:14","slug":"fc-bayern-adam-aznou-wagt-ein-jahr-nach-muenchen-abschied-den-naechsten-neuanfang-sport","status":"publish","type":"post","link":"https:\/\/www.europesays.com\/de\/1272321\/","title":{"rendered":"FC Bayern: Adam Aznou wagt ein Jahr nach M\u00fcnchen-Abschied den n\u00e4chsten Neuanfang! | Sport"},"content":{"rendered":"<p><a class=\"skip-content skip-content--link\" href=\"#in-content-skip-link-target-v-0-0\">TTS-Player \u00fcberspringen\u21b5<\/a><a id=\"in-content-skip-link-target-v-0-0\" class=\"skip-content--target-link-hidden skip-content skip-content--target-link\" href=\"#in-content-skip-link-target-v-0-0\">Artikel weiterlesen<\/a><\/p>\n<p>Liverpool\/M\u00e1laga\/M\u00fcnchen \u2013 <b>Was BILD am Freitag enth\u00fcllt hatte, ist jetzt fix! Ex-<\/b><a href=\"https:\/\/www.bild.de\/sport\/fussball\/bayern-muenchen\/startseite-fc-bayern-muenchen-31074450.bild.html\" class=\"text-link\" rel=\"nofollow noopener\" target=\"_blank\"><b>Bayern<\/b><\/a><b>-Juwel Adam Aznou (20) wechselt f\u00fcr ein Jahr auf Leihbasis vom FC Everton zum spanischen Erstliga-Aufsteiger M\u00e1laga \u2013 ohne Kaufoption. Das machten beide Klubs nun offiziell. Das Spannende an dem Deal: Everton hatte den marokkanischen Linksverteidiger erst im Sommer 2025 vom deutschen Rekordmeister geholt!<\/b><\/p>\n<p>Was hinter dem erneuten Abgang steckt? Everton hatte Aznou bei seiner Verpflichtung regelm\u00e4\u00dfige Eins\u00e4tze in der Premier League in Aussicht gestellt. Dieses Vertrauen in das Toptalent untermauerte der englische Klub damals auch mit der Zahlung einer happigen Abl\u00f6se von rund neun Mio. Euro plus Boni. Doch der ehrgeizige Aznou wurde bitter entt\u00e4uscht!<\/p>\n<p>Obwohl er intensiv an seiner Physis gearbeitet hatte, lie\u00df ihn Coach David Moyes (63) in der gesamten abgelaufenen Saison nur zweimal bei den Profis ran (42 Minuten) \u2013 viel zu wenig f\u00fcr Aznou, der einst in der Jugend des FC Barcelona als eines der gr\u00f6\u00dften Talente neben dem heutigen Spanien-Superstar Lamine Yamal (19) galt, mit dem er bis heute eng befreundet ist.<\/p>\n<p>Darum geht Ex-Bayern-Juwel Aznou zu M\u00e1laga<\/p>\n<p>Deswegen sahen sich der Spieler und seine Agentur Football ISM (vertritt u.a. PSG-Leader Achraf Hakimi) schon seit Wochen nach einem neuen Klub um. Nach BILD-Informationen meldeten auch mehrere Bundesligisten ihr Interesse an. Doch Aznou wollte von Beginn an zur\u00fcck nach Spanien, wo er geboren und aufgewachsen ist. Dort f\u00fchlt er sich am wohlsten und auch seine offensive Spielweise passt in seinen Augen besonders gut zum Fu\u00dfball in der Primera Divisi\u00f3n. <\/p>\n<p>Nachdem Everton zun\u00e4chst noch \u00fcberlegt hatte, ob Aznou f\u00fcr die neue Saison im Kader von Coach Moyes bleiben sollte, gaben die Engl\u00e4nder k\u00fcrzlich doch gr\u00fcnes Licht f\u00fcr eine Leihe. Aznou entschied sich f\u00fcr M\u00e1laga, weil er beim Erstliga-Aufsteiger gute Chancen sieht, z\u00fcgig Spielzeit zu bekommen und eine wichtige Rolle bei der \u201eMission Klassenerhalt\u201c zu spielen.<\/p>\n<p>Everton sieht in der Leihe die Chance, dass sich Aznou \u00fcber m\u00f6glichst viele Erstliga-Eins\u00e4tze weiterentwickelt und gest\u00e4rkt zur\u00fcckkommt \u2013 sei es, um ihn dann wieder in den eigenen Profikader aufzunehmen oder um ihn gewinnbringend weiterzuverkaufen. Deshalb sollen die \u201eToffees\u201c w\u00e4hrend der Leihe auch einen Gro\u00dfteil des Aznou-Gehalts \u00fcbernehmen, das f\u00fcr M\u00e1laga allein nicht stemmbar gewesen w\u00e4re. Nun hoffen alle Beteiligten, dass sich die Erwartungen auch erf\u00fcllen, die sie in das Leihgesch\u00e4ft setzen.<\/p>\n<p>\u00dcbrigens: Nahezu parallel zu Aznou ist ein weiteres Ex-Bayern-Talent erst k\u00fcrzlich einen \u00e4hnlichen Weg gegangen. Angreifer Adin Licina (19), der vergangenen Februar abl\u00f6sefrei von der Bayern-Jugend zu Juventus Turin gewechselt war, hat sich gerade bis Sommer 2027 an den italienischen Zweitligisten Cremonese verleihen lassen. Hintergrund: Der deutsche U19-Nationalspieler war bei Juve unzufrieden, weil er dort nicht die Chancen bei der Profimannschaft bekam, die ihm bei seiner Unterschrift einst versprochen wurden. Nach einer Aussprache entschieden sich Klub und Spieler nun f\u00fcr die Leihe, um Licinas Karriere wieder in Schwung zu bringen.<\/p>\n<p><img decoding=\"async\" width=\"992\" height=\"558\" alt=\"Deutschlands U19-Nationalspieler Adin Licina (19) wird in der neuen Saison leihweise beim Italien-Zweitligisten Cremonese spielen\" loading=\"lazy\" src=\"https:\/\/www.europesays.com\/de\/wp-content\/uploads\/2026\/08\/6450f5d07dd18515f603b7e3cff8e240,66a91089.jpeg\"   class=\"landscape\"\/><\/p>\n<p class=\"fig__caption__text\">Deutschlands U19-Nationalspieler Adin Licina (19) wird in der neuen Saison leihweise beim Italien-Zweitligisten Cremonese spielen<\/p>\n<p>Foto: picture alliance\/BILDBYR\u00c5N<\/p>\n","protected":false},"excerpt":{"rendered":"TTS-Player \u00fcberspringen\u21b5Artikel weiterlesen Liverpool\/M\u00e1laga\/M\u00fcnchen \u2013 Was BILD am Freitag enth\u00fcllt hatte, ist jetzt fix! Ex-Bayern-Juwel Adam Aznou (20)&hellip;\n","protected":false},"author":2,"featured_media":1272322,"comment_status":"","ping_status":"","sticky":false,"template":"","format":"standard","meta":{"footnotes":"","_share_on_mastodon":"0"},"categories":[1827],"tags":[772,299,468,29,538,458,88634,30,11515,1268,803,1470],"class_list":["post-1272321","post","type-post","status-publish","format-standard","has-post-thumbnail","category-muenchen","tag-bayern","tag-bundesliga","tag-champions-league","tag-deutschland","tag-erste-bundesliga","tag-fc-bayern-muenchen","tag-fc-everton","tag-germany","tag-kompany-vincent","tag-muenchen","tag-spielertransfer","tag-sport-leuchtturm-muenchen"],"share_on_mastodon":{"url":"https:\/\/pubeurope.com\/@de\/117191661312179088","error":""},"_links":{"self":[{"href":"https:\/\/www.europesays.com\/de\/wp-json\/wp\/v2\/posts\/1272321","targetHints":{"allow":["GET"]}}],"collection":[{"href":"https:\/\/www.europesays.com\/de\/wp-json\/wp\/v2\/posts"}],"about":[{"href":"https:\/\/www.europesays.com\/de\/wp-json\/wp\/v2\/types\/post"}],"author":[{"embeddable":true,"href":"https:\/\/www.europesays.com\/de\/wp-json\/wp\/v2\/users\/2"}],"replies":[{"embeddable":true,"href":"https:\/\/www.europesays.com\/de\/wp-json\/wp\/v2\/comments?post=1272321"}],"version-history":[{"count":0,"href":"https:\/\/www.europesays.com\/de\/wp-json\/wp\/v2\/posts\/1272321\/revisions"}],"wp:featuredmedia":[{"embeddable":true,"href":"https:\/\/www.europesays.com\/de\/wp-json\/wp\/v2\/media\/1272322"}],"wp:attachment":[{"href":"https:\/\/www.europesays.com\/de\/wp-json\/wp\/v2\/media?parent=1272321"}],"wp:term":[{"taxonomy":"category","embeddable":true,"href":"https:\/\/www.europesays.com\/de\/wp-json\/wp\/v2\/categories?post=1272321"},{"taxonomy":"post_tag","embeddable":true,"href":"https:\/\/www.europesays.com\/de\/wp-json\/wp\/v2\/tags?post=1272321"}],"curies":[{"name":"wp","href":"https:\/\/api.w.org\/{rel}","templated":true}]}}